{"id":3330,"date":"2016-10-26T19:46:00","date_gmt":"2016-10-26T21:46:00","guid":{"rendered":"https:\/\/blogs.correiobraziliense.com.br\/servidor\/?p=3330"},"modified":"2016-10-26T19:46:00","modified_gmt":"2016-10-26T21:46:00","slug":"ato-em-frente-ao-ministerio-de-minas-e-energia-nesta-quinta-contra-privatizacao-no-setor-eletrico","status":"publish","type":"post","link":"https:\/\/blogs.correiobraziliense.com.br\/servidor\/ato-em-frente-ao-ministerio-de-minas-e-energia-nesta-quinta-contra-privatizacao-no-setor-eletrico\/","title":{"rendered":"Ato em frente ao Minist\u00e9rio de Minas e Energia nesta quinta, contra a privatiza\u00e7\u00e3o no setor el\u00e9trico"},"content":{"rendered":"<p><em>Os trabalhadores de Furnas, Eletronorte, distribuidoras de energia da Eletrobras, movimentos sociais e representantes da sociedade far\u00e3o um grande ato em frente ao Minist\u00e9rio de Minas e Energia (MME), na manh\u00e3 desta quinta-feira (27), contra a privatiza\u00e7\u00e3o do setor el\u00e9trico. A mobiliza\u00e7\u00e3o est\u00e1 prevista para come\u00e7ar \u00e0s 10 horas.<\/em><\/p>\n<p>A manifesta\u00e7\u00e3o \u00e9, principalmente, contra a aprova\u00e7\u00e3o da MP 735\/16, que abre caminho para privatizar todas as empresas p\u00fablicas de gera\u00e7\u00e3o, transmiss\u00e3o e distribui\u00e7\u00e3o de energia no Brasil. A proposta foi aprovada no Senado no dia 19 passado e depende apenas da san\u00e7\u00e3o do presidente Michel Temer.<\/p>\n<p>Da forma que foi aprovada, a MP, segundo os servidores, permite a demiss\u00e3o imediata de 30% dos trabalhadores. Ap\u00f3s dois anos, todos os outros poder\u00e3o ser demitidos, se assim desejar a empresa que se apropriou da estatal, garantem.<\/p>\n<p>Al\u00e9m disso, a MP, assinalam os trabalhadores, permite aumentos exorbitantes na conta de luz das fam\u00edlias e redu\u00e7\u00f5es progressivas na tarifa das ind\u00fastrias, que j\u00e1 possuem subs\u00eddios.<\/p>\n","protected":false},"excerpt":{"rendered":"<p>Os trabalhadores de Furnas, Eletronorte, distribuidoras de energia da Eletrobras, movimentos sociais e representantes da sociedade far\u00e3o um grande ato em frente ao Minist\u00e9rio de Minas e Energia (MME), na manh\u00e3 desta quinta-feira (27), contra a privatiza\u00e7\u00e3o do setor el\u00e9trico. A mobiliza\u00e7\u00e3o est\u00e1 prevista para come\u00e7ar \u00e0s 10 horas. A manifesta\u00e7\u00e3o \u00e9, principalmente, contra a aprova\u00e7\u00e3o da MP 735\/16, que [&hellip;]<\/p>\n","protected":false},"author":27,"featured_media":0,"comment_status":"open","ping_status":"closed","sticky":false,"template":"","format":"standard","meta":{"footnotes":""},"categories":[2719],"tags":[21,3977,1638,1017,4071,2651,4070,1792,4069,4073,4055,1042,4072,81,1001,2430,696,707,19],"class_list":["post-3330","post","type-post","status-publish","format-standard","hentry","category-servidor","tag-ato","tag-aumentos","tag-conta","tag-demissao","tag-ditribuidoras","tag-eletrobras","tag-eletronorte","tag-energia","tag-furnas","tag-luz","tag-mme","tag-movimentos","tag-mp-73516","tag-presidente","tag-privatizacao","tag-sancao","tag-senado","tag-sociais","tag-trabalhadores"],"_links":{"self":[{"href":"https:\/\/blogs.correiobraziliense.com.br\/servidor\/wp-json\/wp\/v2\/posts\/3330","targetHints":{"allow":["GET"]}}],"collection":[{"href":"https:\/\/blogs.correiobraziliense.com.br\/servidor\/wp-json\/wp\/v2\/posts"}],"about":[{"href":"https:\/\/blogs.correiobraziliense.com.br\/servidor\/wp-json\/wp\/v2\/types\/post"}],"author":[{"embeddable":true,"href":"https:\/\/blogs.correiobraziliense.com.br\/servidor\/wp-json\/wp\/v2\/users\/27"}],"replies":[{"embeddable":true,"href":"https:\/\/blogs.correiobraziliense.com.br\/servidor\/wp-json\/wp\/v2\/comments?post=3330"}],"version-history":[{"count":1,"href":"https:\/\/blogs.correiobraziliense.com.br\/servidor\/wp-json\/wp\/v2\/posts\/3330\/revisions"}],"predecessor-version":[{"id":3331,"href":"https:\/\/blogs.correiobraziliense.com.br\/servidor\/wp-json\/wp\/v2\/posts\/3330\/revisions\/3331"}],"wp:attachment":[{"href":"https:\/\/blogs.correiobraziliense.com.br\/servidor\/wp-json\/wp\/v2\/media?parent=3330"}],"wp:term":[{"taxonomy":"category","embeddable":true,"href":"https:\/\/blogs.correiobraziliense.com.br\/servidor\/wp-json\/wp\/v2\/categories?post=3330"},{"taxonomy":"post_tag","embeddable":true,"href":"https:\/\/blogs.correiobraziliense.com.br\/servidor\/wp-json\/wp\/v2\/tags?post=3330"}],"curies":[{"name":"wp","href":"https:\/\/api.w.org\/{rel}","templated":true}]}}