{"id":3327,"date":"2016-10-26T16:53:42","date_gmt":"2016-10-26T18:53:42","guid":{"rendered":"https:\/\/blogs.correiobraziliense.com.br\/servidor\/?p=3327"},"modified":"2016-10-26T16:53:42","modified_gmt":"2016-10-26T18:53:42","slug":"associacao-nacional-dos-advogados-da-uniao-anauni-completa-20-anos","status":"publish","type":"post","link":"https:\/\/blogs.correiobraziliense.com.br\/servidor\/associacao-nacional-dos-advogados-da-uniao-anauni-completa-20-anos\/","title":{"rendered":"Associa\u00e7\u00e3o Nacional dos Advogados da Uni\u00e3o (Anauni) completa 20 anos"},"content":{"rendered":"<p><em>A Associa\u00e7\u00e3o Nacional dos Advogados da Uni\u00e3o (Anauni) comemora em 2016 seus 20 anos de funda\u00e7\u00e3o. A entidade informou que sua hist\u00f3ria come\u00e7ou a ser escrita em 12 de novembro de 1996 com a necessidade de representa\u00e7\u00e3o e interlocu\u00e7\u00e3o com a administra\u00e7\u00e3o da Advocacia-Geral da Uni\u00e3o (AGU) dos primeiros advogados aprovados no concurso p\u00fablico de 1994.<\/em><\/p>\n<p>Veja a nota da Anauni sobre o anivers\u00e1rio de funda\u00e7\u00e3o:<\/p>\n<p>&#8220;A Anauni, uma entidade de classe sem fins lucrativos, congrega hoje mais de mil associados. Cada diretoria eleita nesses 20 anos procurou contribuir para aperfei\u00e7oamento da Advocacia-Geral da Uni\u00e3o e para a efetiva\u00e7\u00e3o dos direitos e interesses dos advogados da Uni\u00e3o. Assim, a Anauni busca auxiliar na constru\u00e7\u00e3o de uma carreira forte e reconhecida perante o Estado brasileiro e que cumpra eficientemente sua miss\u00e3o constitucional no \u00e2mbito das fun\u00e7\u00f5es sssenciais \u00e0 Justi\u00e7a.<\/p>\n<p>Muitas foram as lutas durante este per\u00edodo que culminaram em grande conquistas como a implanta\u00e7\u00e3o do subs\u00eddio, a cria\u00e7\u00e3o dos 560 cargos de Advogados da Uni\u00e3o, a aprova\u00e7\u00e3o do CPC com previs\u00e3o expressa de honor\u00e1rios para o advogado p\u00fablico, regulamentados no \u00e2mbito federal na Lei 13.327\/2016, e a mais recente delas, a nomea\u00e7\u00e3o da primeira advogada-geral da Uni\u00e3o da carreira. As mais importantes, todavia, foram a visibilidade e a respeitabilidade nacional da AGU, da carreira de advogado da Uni\u00e3o e da Anauni.<\/p>\n<p><strong>Enau &#8211;<\/strong> Por\u00e9m, a Anauni vai al\u00e9m das batalhas. Em 20 anos os associados passaram por muitos momentos de lazer e congra\u00e7amento com a fam\u00edlia e os colegas. De Bel\u00e9m\/PA (2009) a Gramado\/RS (2015), o Encontro Nacional dos Advogados da Uni\u00e3o (Enau) renova as energias e as esperan\u00e7as dos membros da carreira. Al\u00e9m de ser um ponto de encontro, o Enau funciona como um f\u00f3rum de debates. \u00c9 neste momento que s\u00e3o definidos os principais rumos que a diretoria da associa\u00e7\u00e3o adotar\u00e1 durante os anos seguintes, caracterizando uma forma democr\u00e1tica e participativa de gest\u00e3o. Este ano, como parte das comemora\u00e7\u00f5es desta data hist\u00f3rica, a cidade escolhida para receber o encontro ser\u00e1 a bela Cabo de Santo Agostinho, em Pernambuco.<\/p>\n<p><strong>Site &#8211;<\/strong> Tamb\u00e9m como parte das comemora\u00e7\u00f5es, a Anauni lan\u00e7ou uma campanha de divulga\u00e7\u00e3o por meio do site: <a href=\"http:\/\/www.anauni20anos.com.br\">www.anauni20anos.com.br<\/a>. \u00a0Nele \u00e9 poss\u00edvel assistir a webs\u00e9rie de depoimentos de alguns dos ex-presidentes, e acessar a linha do tempo com todas as grandes conquistas hist\u00f3ricas durante as \u00faltimas duas d\u00e9cadas.<\/p>\n<p>Deste modo, ao longo dos anos, a Anauni continuar\u00e1 escrevendo sua trajet\u00f3ria de sucesso sempre buscando melhorias e defendendo de maneira ferrenha a carreira de advogado da Uni\u00e3o.&#8221;<\/p>\n","protected":false},"excerpt":{"rendered":"<p>A Associa\u00e7\u00e3o Nacional dos Advogados da Uni\u00e3o (Anauni) comemora em 2016 seus 20 anos de funda\u00e7\u00e3o. A entidade informou que sua hist\u00f3ria come\u00e7ou a ser escrita em 12 de novembro de 1996 com a necessidade de representa\u00e7\u00e3o e interlocu\u00e7\u00e3o com a administra\u00e7\u00e3o da Advocacia-Geral da Uni\u00e3o (AGU) dos primeiros advogados aprovados no concurso p\u00fablico de 1994. Veja a nota da [&hellip;]<\/p>\n","protected":false},"author":27,"featured_media":0,"comment_status":"open","ping_status":"closed","sticky":false,"template":"","format":"standard","meta":{"footnotes":""},"categories":[2719],"tags":[4066,1182,157,186,897,4068,4067,1373],"class_list":["post-3327","post","type-post","status-publish","format-standard","hentry","category-servidor","tag-20-anos","tag-advogados-da-uniao","tag-agu","tag-anauni","tag-comemoracao","tag-enau","tag-fundacao","tag-honorarios"],"_links":{"self":[{"href":"https:\/\/blogs.correiobraziliense.com.br\/servidor\/wp-json\/wp\/v2\/posts\/3327","targetHints":{"allow":["GET"]}}],"collection":[{"href":"https:\/\/blogs.correiobraziliense.com.br\/servidor\/wp-json\/wp\/v2\/posts"}],"about":[{"href":"https:\/\/blogs.correiobraziliense.com.br\/servidor\/wp-json\/wp\/v2\/types\/post"}],"author":[{"embeddable":true,"href":"https:\/\/blogs.correiobraziliense.com.br\/servidor\/wp-json\/wp\/v2\/users\/27"}],"replies":[{"embeddable":true,"href":"https:\/\/blogs.correiobraziliense.com.br\/servidor\/wp-json\/wp\/v2\/comments?post=3327"}],"version-history":[{"count":1,"href":"https:\/\/blogs.correiobraziliense.com.br\/servidor\/wp-json\/wp\/v2\/posts\/3327\/revisions"}],"predecessor-version":[{"id":3328,"href":"https:\/\/blogs.correiobraziliense.com.br\/servidor\/wp-json\/wp\/v2\/posts\/3327\/revisions\/3328"}],"wp:attachment":[{"href":"https:\/\/blogs.correiobraziliense.com.br\/servidor\/wp-json\/wp\/v2\/media?parent=3327"}],"wp:term":[{"taxonomy":"category","embeddable":true,"href":"https:\/\/blogs.correiobraziliense.com.br\/servidor\/wp-json\/wp\/v2\/categories?post=3327"},{"taxonomy":"post_tag","embeddable":true,"href":"https:\/\/blogs.correiobraziliense.com.br\/servidor\/wp-json\/wp\/v2\/tags?post=3327"}],"curies":[{"name":"wp","href":"https:\/\/api.w.org\/{rel}","templated":true}]}}