{"id":3321,"date":"2016-10-26T14:55:16","date_gmt":"2016-10-26T16:55:16","guid":{"rendered":"https:\/\/blogs.correiobraziliense.com.br\/servidor\/?p=3321"},"modified":"2016-10-26T14:55:16","modified_gmt":"2016-10-26T16:55:16","slug":"auditores-da-receita-surpresos-com-aprovacao-rapida-do-pl-da-federal","status":"publish","type":"post","link":"https:\/\/blogs.correiobraziliense.com.br\/servidor\/auditores-da-receita-surpresos-com-aprovacao-rapida-do-pl-da-federal\/","title":{"rendered":"Auditores da Receita surpresos com a aprova\u00e7\u00e3o r\u00e1pida do PL da Federal"},"content":{"rendered":"<p><i>Enquanto isso, o PL do acordo salarial se arrasta na comiss\u00e3o especial e pode ser retalhado pelo deputado-relator, destacou o Sindifisco. Indigna\u00e7\u00e3o se potencializa, refor\u00e7ou o sindicato<br \/>\n<\/i><\/p>\n<p>Por meio de nota, o Sindicato Nacional dos Auditores-Fiscais da Receita Federal questionou: &#8220;a quem interessa a desestabiliza\u00e7\u00e3o da Receita Federal, com a promo\u00e7\u00e3o de conflitos internos que podem tornar ca\u00f3tica a arrecada\u00e7\u00e3o e o trabalho dos auditores fiscais?&#8221;<\/p>\n<p>Tal pergunta se faz necess\u00e1ria porque, assinalou a entidade sindical, espantosa e incrivelmente, foi aprovado agora de manh\u00e3 numa comiss\u00e3o especial da C\u00e2mara dos Deputados projeto de lei do Executivo de aumento salarial para cinco carreiras do funcionalismo, entre elas a de policial federal e policial rodovi\u00e1rio federal.<\/p>\n<p>&#8220;O estarrecimento dos auditores fiscais e do Sindifisco Nacional \u00e9 ainda maior quando se sabe que o PL passou em voto simb\u00f3lico e por unanimidade! N\u00e3o bastasse, nada menos que 30 deputados titulares da comiss\u00e3o compareceram \u00e0 sess\u00e3o&#8221;.<\/p>\n<p>A s\u00e9rie de estranhezas, de acordo com o Sindifisco, n\u00e3o termina a\u00ed: a vota\u00e7\u00e3o do projeto teve o aval da Lideran\u00e7a do Governo na Casa e tramita em car\u00e1ter conclusivo \u2013 ou seja, se n\u00e3o houver recurso com o apoio de pelo menos 51 deputados para a vota\u00e7\u00e3o pelo plen\u00e1rio da C\u00e2mara, seguir\u00e1 para aprecia\u00e7\u00e3o no Senado.<\/p>\n<p>Enquanto isso, o PL 5.864\/16, que trata do reajuste dos auditores fiscais, patina na comiss\u00e3o que o analisa e ainda corre s\u00e9rio risco de ser desfigurado pelo deputado-relator Wellington Roberto (PR-PB), apesar do apelo pessoal do ministro da Fazenda, Henrique Meirelles, para que o texto remetido pelo Pal\u00e1cio do Planalto continuasse inc\u00f3lume. Para piorar a situa\u00e7\u00e3o, a sess\u00e3o de ontem foi interrompida por um pedido de vistas coletivo. Assim, o texto s\u00f3 voltar\u00e1 a ser analisado possivelmente em 8 de novembro.<\/p>\n<p>&#8220;Cabe, ent\u00e3o, repetir a pergunta: a quem interessa o caos, a desestabiliza\u00e7\u00e3o, a desestrutura\u00e7\u00e3o da Receita Federal? Certamente n\u00e3o \u00e9 o cidad\u00e3o de bem que est\u00e1 por tr\u00e1s disso, promovendo distor\u00e7\u00f5es que escapam \u00e0 coer\u00eancia \u2013 seja cronol\u00f3gica, seja dos fatos.<\/p>\n<p>Importante salientar aqui que nem os auditores fiscais, nem o Sindifisco Nacional, s\u00e3o contr\u00e1rios aos PLs das mais diversas categorias do funcionalismo. Todas tiveram as mesmas possibilidades de negocia\u00e7\u00e3o e as realizaram dentro do alcance de cada uma. O que \u00e9 imposs\u00edvel de compreender, pois que absurdo, \u00e9 que o projeto dos policiais federais tenha uma tramita\u00e7\u00e3o de \u201cc\u00e9u de brigadeiro\u201d, enquanto o dos auditores \u00e9 quase levado aos empurr\u00f5es.<\/p>\n<p>Tamb\u00e9m para o Sindifisco Nacional \u00e9 importante saber se o apoio do Governo ao PL dos policiais federais \u00e9 \u201cmais apoio\u201d que ao dos auditores fiscais. Porque, ao que tudo indica, sim&#8221;, destacou a nota.<\/p>\n","protected":false},"excerpt":{"rendered":"<p>Enquanto isso, o PL do acordo salarial se arrasta na comiss\u00e3o especial e pode ser retalhado pelo deputado-relator, destacou o Sindifisco. Indigna\u00e7\u00e3o se potencializa, refor\u00e7ou o sindicato Por meio de nota, o Sindicato Nacional dos Auditores-Fiscais da Receita Federal questionou: &#8220;a quem interessa a desestabiliza\u00e7\u00e3o da Receita Federal, com a promo\u00e7\u00e3o de conflitos internos que podem tornar ca\u00f3tica a arrecada\u00e7\u00e3o [&hellip;]<\/p>\n","protected":false},"author":27,"featured_media":0,"comment_status":"open","ping_status":"closed","sticky":false,"template":"","format":"standard","meta":{"footnotes":""},"categories":[2719],"tags":[1497,31,55,1031,104,4062,2499,294,1376,18,4061],"class_list":["post-3321","post","type-post","status-publish","format-standard","hentry","category-servidor","tag-aprovacao","tag-auditores","tag-carreiras","tag-pl","tag-policia-federal","tag-rapida","tag-reajsute","tag-receita-federal","tag-reestruturacao","tag-salarial","tag-supresos"],"_links":{"self":[{"href":"https:\/\/blogs.correiobraziliense.com.br\/servidor\/wp-json\/wp\/v2\/posts\/3321","targetHints":{"allow":["GET"]}}],"collection":[{"href":"https:\/\/blogs.correiobraziliense.com.br\/servidor\/wp-json\/wp\/v2\/posts"}],"about":[{"href":"https:\/\/blogs.correiobraziliense.com.br\/servidor\/wp-json\/wp\/v2\/types\/post"}],"author":[{"embeddable":true,"href":"https:\/\/blogs.correiobraziliense.com.br\/servidor\/wp-json\/wp\/v2\/users\/27"}],"replies":[{"embeddable":true,"href":"https:\/\/blogs.correiobraziliense.com.br\/servidor\/wp-json\/wp\/v2\/comments?post=3321"}],"version-history":[{"count":1,"href":"https:\/\/blogs.correiobraziliense.com.br\/servidor\/wp-json\/wp\/v2\/posts\/3321\/revisions"}],"predecessor-version":[{"id":3322,"href":"https:\/\/blogs.correiobraziliense.com.br\/servidor\/wp-json\/wp\/v2\/posts\/3321\/revisions\/3322"}],"wp:attachment":[{"href":"https:\/\/blogs.correiobraziliense.com.br\/servidor\/wp-json\/wp\/v2\/media?parent=3321"}],"wp:term":[{"taxonomy":"category","embeddable":true,"href":"https:\/\/blogs.correiobraziliense.com.br\/servidor\/wp-json\/wp\/v2\/categories?post=3321"},{"taxonomy":"post_tag","embeddable":true,"href":"https:\/\/blogs.correiobraziliense.com.br\/servidor\/wp-json\/wp\/v2\/tags?post=3321"}],"curies":[{"name":"wp","href":"https:\/\/api.w.org\/{rel}","templated":true}]}}