{"id":3313,"date":"2016-10-25T14:47:34","date_gmt":"2016-10-25T16:47:34","guid":{"rendered":"https:\/\/blogs.correiobraziliense.com.br\/servidor\/?p=3313"},"modified":"2016-10-25T14:47:34","modified_gmt":"2016-10-25T16:47:34","slug":"centrais-debatem-amanha-reforma-da-previdencia-com-o-governo","status":"publish","type":"post","link":"https:\/\/blogs.correiobraziliense.com.br\/servidor\/centrais-debatem-amanha-reforma-da-previdencia-com-o-governo\/","title":{"rendered":"Centrais debatem amanh\u00e3 reforma da Previd\u00eancia com o governo"},"content":{"rendered":"<p>Amanh\u00e3 (dia 26), \u00e0s 13 horas, as centrais sindicais ir\u00e3o se reunir com o ministro da Casa Civil, Eliseu Padilha, no Pal\u00e1cio do Planalto. O tema da reuni\u00e3o ser\u00e1 a reforma da Previd\u00eancia Social.<\/p>\n","protected":false},"excerpt":{"rendered":"<p>Amanh\u00e3 (dia 26), \u00e0s 13 horas, as centrais sindicais ir\u00e3o se reunir com o ministro da Casa Civil, Eliseu Padilha, no Pal\u00e1cio do Planalto. O tema da reuni\u00e3o ser\u00e1 a reforma da Previd\u00eancia Social.<\/p>\n","protected":false},"author":27,"featured_media":0,"comment_status":"open","ping_status":"closed","sticky":false,"template":"","format":"standard","meta":{"footnotes":""},"categories":[2719],"tags":[1259,1844,98,549,711],"class_list":["post-3313","post","type-post","status-publish","format-standard","hentry","category-servidor","tag-centrais","tag-debatem","tag-governo","tag-previdencia","tag-reforma"],"_links":{"self":[{"href":"https:\/\/blogs.correiobraziliense.com.br\/servidor\/wp-json\/wp\/v2\/posts\/3313","targetHints":{"allow":["GET"]}}],"collection":[{"href":"https:\/\/blogs.correiobraziliense.com.br\/servidor\/wp-json\/wp\/v2\/posts"}],"about":[{"href":"https:\/\/blogs.correiobraziliense.com.br\/servidor\/wp-json\/wp\/v2\/types\/post"}],"author":[{"embeddable":true,"href":"https:\/\/blogs.correiobraziliense.com.br\/servidor\/wp-json\/wp\/v2\/users\/27"}],"replies":[{"embeddable":true,"href":"https:\/\/blogs.correiobraziliense.com.br\/servidor\/wp-json\/wp\/v2\/comments?post=3313"}],"version-history":[{"count":1,"href":"https:\/\/blogs.correiobraziliense.com.br\/servidor\/wp-json\/wp\/v2\/posts\/3313\/revisions"}],"predecessor-version":[{"id":3314,"href":"https:\/\/blogs.correiobraziliense.com.br\/servidor\/wp-json\/wp\/v2\/posts\/3313\/revisions\/3314"}],"wp:attachment":[{"href":"https:\/\/blogs.correiobraziliense.com.br\/servidor\/wp-json\/wp\/v2\/media?parent=3313"}],"wp:term":[{"taxonomy":"category","embeddable":true,"href":"https:\/\/blogs.correiobraziliense.com.br\/servidor\/wp-json\/wp\/v2\/categories?post=3313"},{"taxonomy":"post_tag","embeddable":true,"href":"https:\/\/blogs.correiobraziliense.com.br\/servidor\/wp-json\/wp\/v2\/tags?post=3313"}],"curies":[{"name":"wp","href":"https:\/\/api.w.org\/{rel}","templated":true}]}}