{"id":3305,"date":"2016-10-25T11:32:21","date_gmt":"2016-10-25T13:32:21","guid":{"rendered":"https:\/\/blogs.correiobraziliense.com.br\/servidor\/?p=3305"},"modified":"2016-10-25T11:32:21","modified_gmt":"2016-10-25T13:32:21","slug":"trabalhadores-tecnico-administrativos-em-educacao-iniciam-greve-contra-pec-24116-e-retirada-de-direitos","status":"publish","type":"post","link":"https:\/\/blogs.correiobraziliense.com.br\/servidor\/trabalhadores-tecnico-administrativos-em-educacao-iniciam-greve-contra-pec-24116-e-retirada-de-direitos\/","title":{"rendered":"Trabalhadores t\u00e9cnico-administrativos em educa\u00e7\u00e3o iniciam greve contra a PEC 241\/16 e a retirada de direitos"},"content":{"rendered":"<div><span style=\"font-family: arial,helvetica,sans-serif\">Das 51 entidades filiadas \u00e0 Federa\u00e7\u00e3o (Fasubra), 26 j\u00e1 aderiram ao movimento paredista.\u00a0<\/span><span style=\"font-family: arial,helvetica,sans-serif\">As demais est\u00e3o realizando assembleias para definir a entrada na greve e ou a participa\u00e7\u00e3o em paralisa\u00e7\u00f5es e outras a\u00e7\u00f5es de mobiliza\u00e7\u00e3o.<\/span><\/div>\n<div><\/div>\n","protected":false},"excerpt":{"rendered":"<p>Das 51 entidades filiadas \u00e0 Federa\u00e7\u00e3o (Fasubra), 26 j\u00e1 aderiram ao movimento paredista.\u00a0As demais est\u00e3o realizando assembleias para definir a entrada na greve e ou a participa\u00e7\u00e3o em paralisa\u00e7\u00f5es e outras a\u00e7\u00f5es de mobiliza\u00e7\u00e3o.<\/p>\n","protected":false},"author":27,"featured_media":0,"comment_status":"open","ping_status":"closed","sticky":false,"template":"","format":"standard","meta":{"footnotes":""},"categories":[2719],"tags":[619,48,15,2810,2274,4029],"class_list":["post-3305","post","type-post","status-publish","format-standard","hentry","category-servidor","tag-direitos","tag-educacao","tag-greve","tag-pec-24116","tag-retirada","tag-tecnico-administrativos"],"_links":{"self":[{"href":"https:\/\/blogs.correiobraziliense.com.br\/servidor\/wp-json\/wp\/v2\/posts\/3305","targetHints":{"allow":["GET"]}}],"collection":[{"href":"https:\/\/blogs.correiobraziliense.com.br\/servidor\/wp-json\/wp\/v2\/posts"}],"about":[{"href":"https:\/\/blogs.correiobraziliense.com.br\/servidor\/wp-json\/wp\/v2\/types\/post"}],"author":[{"embeddable":true,"href":"https:\/\/blogs.correiobraziliense.com.br\/servidor\/wp-json\/wp\/v2\/users\/27"}],"replies":[{"embeddable":true,"href":"https:\/\/blogs.correiobraziliense.com.br\/servidor\/wp-json\/wp\/v2\/comments?post=3305"}],"version-history":[{"count":1,"href":"https:\/\/blogs.correiobraziliense.com.br\/servidor\/wp-json\/wp\/v2\/posts\/3305\/revisions"}],"predecessor-version":[{"id":3306,"href":"https:\/\/blogs.correiobraziliense.com.br\/servidor\/wp-json\/wp\/v2\/posts\/3305\/revisions\/3306"}],"wp:attachment":[{"href":"https:\/\/blogs.correiobraziliense.com.br\/servidor\/wp-json\/wp\/v2\/media?parent=3305"}],"wp:term":[{"taxonomy":"category","embeddable":true,"href":"https:\/\/blogs.correiobraziliense.com.br\/servidor\/wp-json\/wp\/v2\/categories?post=3305"},{"taxonomy":"post_tag","embeddable":true,"href":"https:\/\/blogs.correiobraziliense.com.br\/servidor\/wp-json\/wp\/v2\/tags?post=3305"}],"curies":[{"name":"wp","href":"https:\/\/api.w.org\/{rel}","templated":true}]}}