{"id":3303,"date":"2016-10-25T11:29:10","date_gmt":"2016-10-25T13:29:10","guid":{"rendered":"https:\/\/blogs.correiobraziliense.com.br\/servidor\/?p=3303"},"modified":"2016-10-25T11:29:10","modified_gmt":"2016-10-25T13:29:10","slug":"auditores-defendem-codigo-tributario-nacional-em-protesto-contra-relatorio","status":"publish","type":"post","link":"https:\/\/blogs.correiobraziliense.com.br\/servidor\/auditores-defendem-codigo-tributario-nacional-em-protesto-contra-relatorio\/","title":{"rendered":"Auditores defendem C\u00f3digo Tribut\u00e1rio Nacional em protesto contra relat\u00f3rio"},"content":{"rendered":"<p>Os auditores fiscais da Receita Federal iniciaram manifesta\u00e7\u00f5es em todo o pa\u00eds, a partir das 10h, em defesa do C\u00f3digo Tribut\u00e1rio Nacional (cTN), que hoje completa 50 anos. Os atos, de acordo com o sindicato da categoria (Sindifisco Nacional)\u00a0 s\u00e3o para denunciar o desvirtuamento do CTN pelo relat\u00f3rio do deputado Wellington Roberto (PR-PB) para o Projeto de Lei (PL) 5.864\/16, cujo parecer estava previsto para ser apresentado \u00e0 comiss\u00e3o especial da C\u00e2mara, \u00e0s 9h30.<\/p>\n<p>Os auditores se concentrar\u00e3o em frente \u00e0s sedes das regi\u00f5es fiscais, delegacias e alf\u00e2ndegas. A categoria entende que o substitutivo apresentado pelo parlamentar rasga o CTN, pois que agride todo o instrumental legal que trata das atribui\u00e7\u00f5es t\u00edpicas dos auditores. Mais do que estabelecido no C\u00f3digo, tais prerrogativas est\u00e3o previstas na Constitui\u00e7\u00e3o Federal, informou o Sindifisco por meio de nota.<\/p>\n<p>&#8220;O texto do relator \u00e9 ainda mais grave porque deixa transparecer uma tentativa de desmontar e de interferir politicamente na Receita Federal. Os efeitos disso s\u00e3o incalcul\u00e1veis, j\u00e1 que al\u00e9m de impactar a fiscaliza\u00e7\u00e3o e a arrecada\u00e7\u00e3o tribut\u00e1ria, interferiria nos trabalhos dos auditores que atuam em opera\u00e7\u00f5es especiais \u2013 como a Lava Jato, a Zelotes e a Acr\u00f4nimo&#8221;, destaca a nota.<\/p>\n<p>&#8220;O Sindifisco Nacional e a categoria tamb\u00e9m estranham o fato de que, no momento em que se intensificam as lutas contra a corrup\u00e7\u00e3o e a sonega\u00e7\u00e3o, se apresentem propostas que abram a porta ao loteamento pol\u00edtico de um \u00f3rg\u00e3o estrat\u00e9gico do Estado&#8221;, denunciou a entidade sindical.<\/p>\n<p>Os principais atos em defesa do CTN e contra o relat\u00f3rio de Wellington Roberto acontecem nos seguintes endere\u00e7os:<\/p>\n<p>&nbsp;<\/p>\n<p>1\u00aa Regi\u00e3o Fiscal (DF, GO, MT, MS e TO) \u2013 Setor de Autarquias Sul, quadra 3, bloco O<\/p>\n<p>2\u00aa Regi\u00e3o Fiscal (AC, AM, AP, PA, RO e RR) \u2013 Travessa Rui Barbosa 1.039, Reduto, Bel\u00e9m.<\/p>\n<p>3\u00aa Regi\u00e3o Fiscal (CE, MA e PI) \u2013 Rua Bar\u00e3o de Aracati 909, Aldeota, Fortaleza.<\/p>\n<p>4\u00aa Regi\u00e3o Fiscal (AL, PB, PE e RN) \u2013 Avenida Engenheiro Ant\u00f4nio de G\u00f3es 449, Bairro do Pina, Recife.<\/p>\n<p>5\u00aa Regi\u00e3o Fiscal (BA e SE) \u2013 Rua Alceu Amoroso Lima 862, Caminho das \u00c1rvores, Salvador.<\/p>\n<p>6\u00aa Regi\u00e3o Fiscal (MG) \u2013 Avenida Afonso Pena 1.316, Centro, Belo Horizonte.<\/p>\n<p>7\u00aa Regi\u00e3o Fiscal (RJ e ES) \u2013 Avenida Pres. Ant\u00f4nio Carlos 375, Centro.<\/p>\n<p>8\u00aa Regi\u00e3o Fiscal (SP) \u2013 Avenida Prestes Maia 733, Bairro da Luz, Centro de S\u00e3o Paulo.<\/p>\n<p>9\u00aa Regi\u00e3o Fiscal (PR e SC) \u2013 Rua Marechal Deodoro 555, Centro, Curitiba.<\/p>\n<p>10\u00aa Regi\u00e3o Fiscal (RS) \u2013 Avenida Loureiro da Silva 445, Centro, Porto Alegre.<\/p>\n","protected":false},"excerpt":{"rendered":"<p>Os auditores fiscais da Receita Federal iniciaram manifesta\u00e7\u00f5es em todo o pa\u00eds, a partir das 10h, em defesa do C\u00f3digo Tribut\u00e1rio Nacional (cTN), que hoje completa 50 anos. Os atos, de acordo com o sindicato da categoria (Sindifisco Nacional)\u00a0 s\u00e3o para denunciar o desvirtuamento do CTN pelo relat\u00f3rio do deputado Wellington Roberto (PR-PB) para o Projeto de Lei (PL) 5.864\/16, [&hellip;]<\/p>\n","protected":false},"author":27,"featured_media":0,"comment_status":"open","ping_status":"closed","sticky":false,"template":"","format":"standard","meta":{"footnotes":""},"categories":[2719],"tags":[329,31,4050,2271,359,283,3209,294,4031,4032,328],"class_list":["post-3303","post","type-post","status-publish","format-standard","hentry","category-servidor","tag-acronimo","tag-auditores","tag-ctn","tag-defendem","tag-deputado","tag-lava-jato","tag-pl-5-86416","tag-receita-federal","tag-relatorio","tag-wellington-roberto","tag-zelotes"],"_links":{"self":[{"href":"https:\/\/blogs.correiobraziliense.com.br\/servidor\/wp-json\/wp\/v2\/posts\/3303","targetHints":{"allow":["GET"]}}],"collection":[{"href":"https:\/\/blogs.correiobraziliense.com.br\/servidor\/wp-json\/wp\/v2\/posts"}],"about":[{"href":"https:\/\/blogs.correiobraziliense.com.br\/servidor\/wp-json\/wp\/v2\/types\/post"}],"author":[{"embeddable":true,"href":"https:\/\/blogs.correiobraziliense.com.br\/servidor\/wp-json\/wp\/v2\/users\/27"}],"replies":[{"embeddable":true,"href":"https:\/\/blogs.correiobraziliense.com.br\/servidor\/wp-json\/wp\/v2\/comments?post=3303"}],"version-history":[{"count":1,"href":"https:\/\/blogs.correiobraziliense.com.br\/servidor\/wp-json\/wp\/v2\/posts\/3303\/revisions"}],"predecessor-version":[{"id":3304,"href":"https:\/\/blogs.correiobraziliense.com.br\/servidor\/wp-json\/wp\/v2\/posts\/3303\/revisions\/3304"}],"wp:attachment":[{"href":"https:\/\/blogs.correiobraziliense.com.br\/servidor\/wp-json\/wp\/v2\/media?parent=3303"}],"wp:term":[{"taxonomy":"category","embeddable":true,"href":"https:\/\/blogs.correiobraziliense.com.br\/servidor\/wp-json\/wp\/v2\/categories?post=3303"},{"taxonomy":"post_tag","embeddable":true,"href":"https:\/\/blogs.correiobraziliense.com.br\/servidor\/wp-json\/wp\/v2\/tags?post=3303"}],"curies":[{"name":"wp","href":"https:\/\/api.w.org\/{rel}","templated":true}]}}