{"id":3297,"date":"2016-10-24T19:37:59","date_gmt":"2016-10-24T21:37:59","guid":{"rendered":"https:\/\/blogs.correiobraziliense.com.br\/servidor\/?p=3297"},"modified":"2016-10-24T19:37:59","modified_gmt":"2016-10-24T21:37:59","slug":"auditores-fiscais-ja-entregaram-mais-de-mil-cargos","status":"publish","type":"post","link":"https:\/\/blogs.correiobraziliense.com.br\/servidor\/auditores-fiscais-ja-entregaram-mais-de-mil-cargos\/","title":{"rendered":"Auditores fiscais j\u00e1 entregaram mais de mil cargos"},"content":{"rendered":"<p><em>Cerca de 30 delegados, inspetores e seus substitutos j\u00e1 colocaram os cargos \u00e0 disposi\u00e7\u00e3o da administra\u00e7\u00e3o. Dados consolidados\u00a0entre os dias 26 de setembro e 22 de outubro mostram um total de 1.065 cargos entregues em 24 estados e no Distrito Federal. S\u00e3o Paulo lidera a contagem, com 279 ren\u00fancias, seguido de Minas Gerais (105) e Bras\u00edlia (100).<\/em><\/p>\n<p>Os auditores fiscais da Receita Federal do Brasil acirraram a mobiliza\u00e7\u00e3o contra o relat\u00f3rio do deputado Wellington Roberto (PR\/PB), apresentado \u00e0 Comiss\u00e3o Especial do PL (Projeto de Lei) 5864\/16, informou o Sindicato nacional da categoria (Sindifisco). Por todo o pa\u00eds, <a href=\"http:\/\/www.sindifisconacional.org.br\/mod_download.php?id=aW1hZ2VzL3B1YmxpY2Fjb2VzL2JvbGV0aW5zLzIwMTYvMTAtb3V0dWJyby9Cb2wxNzU5L0Nhcmdvc19FbnRyZWd1ZXMucGRmfDA=\" target=\"_blank\"><u>mais de mil Auditores<\/u><\/a> efetivaram a entrega de cargos, seguindo delibera\u00e7\u00f5es da Assembleia Nacional e as orienta\u00e7\u00f5es da DEN (Diretoria Executiva Nacional) e do CNM (Comando Nacional de Mobiliza\u00e7\u00e3o).<\/p>\n<p>&#8220;A expectativa \u00e9 que os n\u00fameros sejam bastante ampliados caso n\u00e3o ocorram mudan\u00e7as, no relat\u00f3rio, que corrijam as diversas ilegalidades e inconstitucionalidades apresentadas pelo deputado Wellington Roberto, destacou a nota do Sindifisco.<\/p>\n<p>&nbsp;<\/p>\n","protected":false},"excerpt":{"rendered":"<p>Cerca de 30 delegados, inspetores e seus substitutos j\u00e1 colocaram os cargos \u00e0 disposi\u00e7\u00e3o da administra\u00e7\u00e3o. Dados consolidados\u00a0entre os dias 26 de setembro e 22 de outubro mostram um total de 1.065 cargos entregues em 24 estados e no Distrito Federal. S\u00e3o Paulo lidera a contagem, com 279 ren\u00fancias, seguido de Minas Gerais (105) e Bras\u00edlia (100). Os auditores fiscais [&hellip;]<\/p>\n","protected":false},"author":27,"featured_media":0,"comment_status":"open","ping_status":"closed","sticky":false,"template":"","format":"standard","meta":{"footnotes":""},"categories":[2719],"tags":[31,3065,4044,3821,294,4031,4032],"class_list":["post-3297","post","type-post","status-publish","format-standard","hentry","category-servidor","tag-auditores","tag-chefia","tag-entragaram-cargos","tag-pl-5-8642016","tag-receita-federal","tag-relatorio","tag-wellington-roberto"],"_links":{"self":[{"href":"https:\/\/blogs.correiobraziliense.com.br\/servidor\/wp-json\/wp\/v2\/posts\/3297","targetHints":{"allow":["GET"]}}],"collection":[{"href":"https:\/\/blogs.correiobraziliense.com.br\/servidor\/wp-json\/wp\/v2\/posts"}],"about":[{"href":"https:\/\/blogs.correiobraziliense.com.br\/servidor\/wp-json\/wp\/v2\/types\/post"}],"author":[{"embeddable":true,"href":"https:\/\/blogs.correiobraziliense.com.br\/servidor\/wp-json\/wp\/v2\/users\/27"}],"replies":[{"embeddable":true,"href":"https:\/\/blogs.correiobraziliense.com.br\/servidor\/wp-json\/wp\/v2\/comments?post=3297"}],"version-history":[{"count":1,"href":"https:\/\/blogs.correiobraziliense.com.br\/servidor\/wp-json\/wp\/v2\/posts\/3297\/revisions"}],"predecessor-version":[{"id":3298,"href":"https:\/\/blogs.correiobraziliense.com.br\/servidor\/wp-json\/wp\/v2\/posts\/3297\/revisions\/3298"}],"wp:attachment":[{"href":"https:\/\/blogs.correiobraziliense.com.br\/servidor\/wp-json\/wp\/v2\/media?parent=3297"}],"wp:term":[{"taxonomy":"category","embeddable":true,"href":"https:\/\/blogs.correiobraziliense.com.br\/servidor\/wp-json\/wp\/v2\/categories?post=3297"},{"taxonomy":"post_tag","embeddable":true,"href":"https:\/\/blogs.correiobraziliense.com.br\/servidor\/wp-json\/wp\/v2\/tags?post=3297"}],"curies":[{"name":"wp","href":"https:\/\/api.w.org\/{rel}","templated":true}]}}