{"id":3287,"date":"2016-10-21T19:25:50","date_gmt":"2016-10-21T21:25:50","guid":{"rendered":"https:\/\/blogs.correiobraziliense.com.br\/servidor\/?p=3287"},"modified":"2016-10-21T19:25:50","modified_gmt":"2016-10-21T21:25:50","slug":"servidores-da-universidade-de-brasilia-unb-em-greve-contra-pec-2412016","status":"publish","type":"post","link":"https:\/\/blogs.correiobraziliense.com.br\/servidor\/servidores-da-universidade-de-brasilia-unb-em-greve-contra-pec-2412016\/","title":{"rendered":"Servidores da Universidade de Bras\u00edlia (UnB) em greve contra a PEC 241\/2016"},"content":{"rendered":"<div><span style=\"font-family: verdana;font-size: small\">Os servidores t\u00e9cnico-administrativos da Universidade de Bras\u00edlia\/UnB, aprovaram em assembleia realizada, ontem (20),\u00a0 greve contra o Projeto de Emenda Constitucional (PEC 241\/16), no dia 24. A PEC, que ser\u00e1 votada pela C\u00e2mara Deputados na pr\u00f3xima semana, pretende ajustar as contas p\u00fablicas da Uni\u00e3o, com congelamento das despesas e de sal\u00e1rios por 20 anos, <span style=\"font-family: verdana;font-size: small\">al\u00e9m, de alterar o financiamento da sa\u00fade e da educa\u00e7\u00e3o, <\/span>segundo o Sindicato da Funda\u00e7\u00e3o Universidade de Bras\u00edlia (Sintfub).\u00a0<\/span><\/div>\n<div><\/div>\n<div><span style=\"font-family: verdana;font-size: small\"> A medida para o Sintfub prev\u00ea ainda um limite de despesas anual aos Tr\u00eas Poderes, Minist\u00e9rio P\u00fablico da Uni\u00e3o e da Defensoria P\u00fablica da Uni\u00e3o. A PEC (241\/16) \u00e9 vista como uma medida de austeridade do governo Temer que fere os direitos dos trabalhadores e por outro lado, amea\u00e7a os direitos sociais. Para esses setores, a regra come\u00e7a a valer em 2018, usando o par\u00e2metro de 2017. A mudan\u00e7a foi inclu\u00edda no relat\u00f3rio feito pelo deputado Darc\u00edsio Perondi (PMDB-RS), relator da proposta na Comiss\u00e3o Especial da C\u00e2mara dos Deputados.<\/p>\n<p><\/span><\/div>\n<div><span style=\"font-family: verdana;font-size: small\">Para deputada \u00c9rica Kokay (PT\/DF), essa Emenda (241\/16) \u00e9 o Ato Institucional (AI-5) da ditadura militar e o cerne do golpe \u201cO pa\u00eds n\u00e3o pode permitir que n\u00f3s n\u00e3o tenhamos as despesas primarias, as despesas como custeios de servidores e servidoras, todas essas despesas s\u00f3 poder\u00e3o ser ajustada com o \u00edndice da infla\u00e7\u00e3o (IPCA), o que implica no congelamento da sa\u00fade e da educa\u00e7\u00e3o no ano que vem caso seja aprovado\u201d disse.<\/p>\n<p><\/span><\/div>\n<div><span style=\"font-family: verdana;font-size: small\">Ainda conforme ela, 80% das despesas p\u00fablicas do pa\u00eds s\u00e3o necess\u00e1rias e s\u00e3o despesas obrigat\u00f3rias como o BPC, sal\u00e1rios, custeios e n\u00e3o tem como o governo fazer isso, o restante s\u00e3o investimentos. Caso venha passar pelo Congresso, o que n\u00f3s de maneira alguma queremos, o pr\u00f3ximo passo da ditadura \u00e9 a reforma da previd\u00eancia e a do trabalho, ressaltou.<\/p>\n<p><\/span><\/div>\n<div><span style=\"font-family: verdana;font-size: small\">Para o Coordenador do Sintfub, Mauro Mendes o momento \u00e9 de constru\u00e7\u00e3o dessa greve, \u00e9 a luta organizada dos trabalhadores e do Sintfub. \u201dN\u00e3o adianta s\u00f3 votar a greve e ficar em seus departamentos, o momento de lutar \u00e9 esse, n\u00e3o d\u00e1 para ficar esperando os ataques implementados pelo governo\u201d, ressaltou.<\/p>\n<p><\/span><\/div>\n<div><span style=\"font-family: verdana;font-size: small\">Ainda de acordo com o coordenador, as reformas reforma da Previd\u00eancia e trabalhista v\u00e3o atingir todos os servidores p\u00fablicos e todos setores produtivos do nosso pa\u00eds, conclui.<\/span><\/div>\n<div><span style=\"font-family: verdana;font-size: small\">\u00a0<\/span><\/div>\n<div><span style=\"font-family: verdana;font-size: small\">Rog\u00e9rio Marzola, coordenador geral da Federa\u00e7\u00e3o de Sindicatos de Trabalhadores das Universidades Brasileiras (Fasubra), refor\u00e7ou que o Projeto de Emenda Constitucional (PEC 241\/16) arrebenta com os servidores p\u00fablicos e a sociedade, porque ela determina que, em 20 anos todas as verbas da sa\u00fade, educa\u00e7\u00e3o e saneamento b\u00e1sico s\u00f3 vai crescer de acordo com o \u00cdndice Nacional de Pre\u00e7os ao Consumidor Amplo (IPCA), isso na pr\u00e1tica significa uma redu\u00e7\u00e3o nos valores do Produto Interno Bruto (PIB), que est\u00e3o sendo gastos com a sa\u00fade e educa\u00e7\u00e3o que j\u00e1 \u00e9 prec\u00e1rio e ir\u00e3o ser removidos muito mais recursos se aprovada, disse.<\/span><\/div>\n<p>&nbsp;<\/p>\n","protected":false},"excerpt":{"rendered":"<p>Os servidores t\u00e9cnico-administrativos da Universidade de Bras\u00edlia\/UnB, aprovaram em assembleia realizada, ontem (20),\u00a0 greve contra o Projeto de Emenda Constitucional (PEC 241\/16), no dia 24. A PEC, que ser\u00e1 votada pela C\u00e2mara Deputados na pr\u00f3xima semana, pretende ajustar as contas p\u00fablicas da Uni\u00e3o, com congelamento das despesas e de sal\u00e1rios por 20 anos, al\u00e9m, de alterar o financiamento da sa\u00fade [&hellip;]<\/p>\n","protected":false},"author":27,"featured_media":0,"comment_status":"open","ping_status":"closed","sticky":false,"template":"","format":"standard","meta":{"footnotes":""},"categories":[2719],"tags":[2278,4030,177,15,2810,58,4029,420],"class_list":["post-3287","post","type-post","status-publish","format-standard","hentry","category-servidor","tag-contas","tag-contelamento","tag-contra","tag-greve","tag-pec-24116","tag-servidores","tag-tecnico-administrativos","tag-unb"],"_links":{"self":[{"href":"https:\/\/blogs.correiobraziliense.com.br\/servidor\/wp-json\/wp\/v2\/posts\/3287","targetHints":{"allow":["GET"]}}],"collection":[{"href":"https:\/\/blogs.correiobraziliense.com.br\/servidor\/wp-json\/wp\/v2\/posts"}],"about":[{"href":"https:\/\/blogs.correiobraziliense.com.br\/servidor\/wp-json\/wp\/v2\/types\/post"}],"author":[{"embeddable":true,"href":"https:\/\/blogs.correiobraziliense.com.br\/servidor\/wp-json\/wp\/v2\/users\/27"}],"replies":[{"embeddable":true,"href":"https:\/\/blogs.correiobraziliense.com.br\/servidor\/wp-json\/wp\/v2\/comments?post=3287"}],"version-history":[{"count":1,"href":"https:\/\/blogs.correiobraziliense.com.br\/servidor\/wp-json\/wp\/v2\/posts\/3287\/revisions"}],"predecessor-version":[{"id":3288,"href":"https:\/\/blogs.correiobraziliense.com.br\/servidor\/wp-json\/wp\/v2\/posts\/3287\/revisions\/3288"}],"wp:attachment":[{"href":"https:\/\/blogs.correiobraziliense.com.br\/servidor\/wp-json\/wp\/v2\/media?parent=3287"}],"wp:term":[{"taxonomy":"category","embeddable":true,"href":"https:\/\/blogs.correiobraziliense.com.br\/servidor\/wp-json\/wp\/v2\/categories?post=3287"},{"taxonomy":"post_tag","embeddable":true,"href":"https:\/\/blogs.correiobraziliense.com.br\/servidor\/wp-json\/wp\/v2\/tags?post=3287"}],"curies":[{"name":"wp","href":"https:\/\/api.w.org\/{rel}","templated":true}]}}