{"id":3277,"date":"2016-10-21T15:53:03","date_gmt":"2016-10-21T17:53:03","guid":{"rendered":"https:\/\/blogs.correiobraziliense.com.br\/servidor\/?p=3277"},"modified":"2016-10-21T15:53:03","modified_gmt":"2016-10-21T17:53:03","slug":"forum-nacional-debate-estrategias-para-ampliacao-do-acesso-medicamentos-essenciais","status":"publish","type":"post","link":"https:\/\/blogs.correiobraziliense.com.br\/servidor\/forum-nacional-debate-estrategias-para-ampliacao-do-acesso-medicamentos-essenciais\/","title":{"rendered":"F\u00f3rum nacional debate estrat\u00e9gias para amplia\u00e7\u00e3o do acesso a medicamentos essenciais"},"content":{"rendered":"<p><i><span lang=\"PT\">O VIII F\u00f3rum Nacional sobre Medicamentos no Brasil abre, dia 8 de novembro, no Senado Federal, espa\u00e7o para debater os rumos do setor junto a representantes de diversas \u00e1reas ligadas ao tema. O evento discutir\u00e1 o acesso a medicamentos no SUS, bem como a Nova Pol\u00edtica de Inova\u00e7\u00e3o, que tem como promessa R$ 6,4 bilh\u00f5es de investimentos para o setor<\/span><\/i><\/p>\n<p>Com objetivo de ampliar o debate sobre o cen\u00e1rio de medicamentos no pa\u00eds, o Programa A\u00e7\u00e3o Respons\u00e1vel promove, no dia 8 de novembro, o VIII F\u00f3rum Nacional sobre Medicamentos no Brasil. Com o tema central \u201cEstrat\u00e9gias para acesso a medicamentos essenciais\u201d, o evento est\u00e1 com inscri\u00e7\u00f5es abertas (gratuitas), atrav\u00e9s do site <a href=\"http:\/\/www.acaoresponsavel.org.br\">www.acaoresponsavel.org.br<\/a>. As vagas s\u00e3o limitadas.<\/p>\n<p>Segundo dados do Minist\u00e9rio da Sa\u00fade, os gastos com medicamentos oferecidos pelo SUS cresceram 78% em quatro anos &#8211; de R$ 6,9 bilh\u00f5es, em 2010, para R$ 12,4 bilh\u00f5es, em 2014. Essa pol\u00edtica de assist\u00eancia farmac\u00eautica tamb\u00e9m visa atender a novas doen\u00e7as e tratamentos. O \u00f3rg\u00e3o garantiu, ainda, investimentos de R$ 6,4 bilh\u00f5es para incentivar a produ\u00e7\u00e3o nacional de medicamentos, insumos e tecnologias em sa\u00fade com gera\u00e7\u00e3o de emprego, renda e benef\u00edcios aos brasileiros.<\/p>\n<p>Entre os conferencistas confirmados no evento est\u00e1 o pesquisador americano, Dr. Peter Pitts, presidente do Center for Medicine in the Public Interest &#8211; organiza\u00e7\u00e3o americana de pesquisa educacional apartid\u00e1ria e sem fins lucrativos, que visa discutir e desenvolver cuidados em sa\u00fade focados no paciente. No F\u00f3rum, ele apresenta a palestra \u201cO Valor da Regula\u00e7\u00e3o Empreendedora: como pol\u00edticas de regula\u00e7\u00e3o farmac\u00eautica podem contribuir para assegurar um sistema de sa\u00fade melhor e mais equ\u00e2nime\u201d.<\/p>\n<p>Ser\u00e3o abordados no F\u00f3rum: as estrat\u00e9gias para amplia\u00e7\u00e3o do acesso; o ambiente regulat\u00f3rio favor\u00e1vel ao desenvolvimento tecnol\u00f3gico; a gest\u00e3o, avalia\u00e7\u00e3o e incorpora\u00e7\u00e3o de medicamentos inovadores; a import\u00e2ncia do mercado farmac\u00eautico concorrencial; e as perspectivas, oportunidades e desafios para o setor. O avan\u00e7o das pesquisas para o desenvolvimento de produtos inovadores e as parcerias entre institui\u00e7\u00f5es p\u00fablicas e privadas (as PDPs), tamb\u00e9m s\u00e3o temas de debate no evento, que reunir\u00e1 representantes do governo, setor privado, profissionais de sa\u00fade; institui\u00e7\u00f5es nacionais e internacionais; setor acad\u00eamico e terceiro setor.<\/p>\n<p><strong>Servi\u00e7o: VIII F\u00f3rum Nacional sobre Medicamentos no Brasil<\/strong><\/p>\n<p>Local: audit\u00f3rio Ant\u00f4nio Carlos Magalh\u00e3es do Interlegis &#8211; Senado Federal (Bras\u00edlia\/DF)<\/p>\n<p>Data: 8 de novembro de 2016, ter\u00e7a-feira, das 9 \u00e0s 14h<\/p>\n<p>Realiza\u00e7\u00e3o: Instituto Brasileiro de A\u00e7\u00e3o Respons\u00e1vel<\/p>\n<p>Coordena\u00e7\u00e3o: Ag\u00eancia \u00cdntegra Brasil<\/p>\n<p>Patroc\u00ednio: MSD e Novartis<\/p>\n<p>Inscri\u00e7\u00f5es gratuitas: <a href=\"http:\/\/www.acaoresponsavel.org.br\">www.acaoresponsavel.org.br<\/a><\/p>\n<p>Mais informa\u00e7\u00f5es: (61) 3368-6044 e 3468-5696<\/p>\n","protected":false},"excerpt":{"rendered":"<p>O VIII F\u00f3rum Nacional sobre Medicamentos no Brasil abre, dia 8 de novembro, no Senado Federal, espa\u00e7o para debater os rumos do setor junto a representantes de diversas \u00e1reas ligadas ao tema. O evento discutir\u00e1 o acesso a medicamentos no SUS, bem como a Nova Pol\u00edtica de Inova\u00e7\u00e3o, que tem como promessa R$ 6,4 bilh\u00f5es de investimentos para o setor [&hellip;]<\/p>\n","protected":false},"author":27,"featured_media":0,"comment_status":"open","ping_status":"closed","sticky":false,"template":"","format":"standard","meta":{"footnotes":""},"categories":[2719],"tags":[84,4021,847,3348,1688,501,1357,781,2447,70,696,2000],"class_list":["post-3277","post","type-post","status-publish","format-standard","hentry","category-servidor","tag-acesso","tag-ampliacao","tag-debate","tag-essenciais","tag-estrategias","tag-forum","tag-inovacao","tag-inscricoes","tag-medicamentos","tag-nacional","tag-senado","tag-sus"],"_links":{"self":[{"href":"https:\/\/blogs.correiobraziliense.com.br\/servidor\/wp-json\/wp\/v2\/posts\/3277","targetHints":{"allow":["GET"]}}],"collection":[{"href":"https:\/\/blogs.correiobraziliense.com.br\/servidor\/wp-json\/wp\/v2\/posts"}],"about":[{"href":"https:\/\/blogs.correiobraziliense.com.br\/servidor\/wp-json\/wp\/v2\/types\/post"}],"author":[{"embeddable":true,"href":"https:\/\/blogs.correiobraziliense.com.br\/servidor\/wp-json\/wp\/v2\/users\/27"}],"replies":[{"embeddable":true,"href":"https:\/\/blogs.correiobraziliense.com.br\/servidor\/wp-json\/wp\/v2\/comments?post=3277"}],"version-history":[{"count":1,"href":"https:\/\/blogs.correiobraziliense.com.br\/servidor\/wp-json\/wp\/v2\/posts\/3277\/revisions"}],"predecessor-version":[{"id":3278,"href":"https:\/\/blogs.correiobraziliense.com.br\/servidor\/wp-json\/wp\/v2\/posts\/3277\/revisions\/3278"}],"wp:attachment":[{"href":"https:\/\/blogs.correiobraziliense.com.br\/servidor\/wp-json\/wp\/v2\/media?parent=3277"}],"wp:term":[{"taxonomy":"category","embeddable":true,"href":"https:\/\/blogs.correiobraziliense.com.br\/servidor\/wp-json\/wp\/v2\/categories?post=3277"},{"taxonomy":"post_tag","embeddable":true,"href":"https:\/\/blogs.correiobraziliense.com.br\/servidor\/wp-json\/wp\/v2\/tags?post=3277"}],"curies":[{"name":"wp","href":"https:\/\/api.w.org\/{rel}","templated":true}]}}