{"id":3271,"date":"2016-10-21T14:01:59","date_gmt":"2016-10-21T16:01:59","guid":{"rendered":"https:\/\/blogs.correiobraziliense.com.br\/servidor\/?p=3271"},"modified":"2016-10-21T14:01:59","modified_gmt":"2016-10-21T16:01:59","slug":"operacao-metis-mpfdf-e-pf-apuram-uso-de-recursos-do-senado-para-obstruir-investigacoes-da-lava-jato","status":"publish","type":"post","link":"https:\/\/blogs.correiobraziliense.com.br\/servidor\/operacao-metis-mpfdf-e-pf-apuram-uso-de-recursos-do-senado-para-obstruir-investigacoes-da-lava-jato\/","title":{"rendered":"Opera\u00e7\u00e3o M\u00e9tis: MPF\/DF e PF apuram uso de recursos do Senado para obstruir investiga\u00e7\u00f5es da Lava Jato"},"content":{"rendered":"<p><span style=\"color: #4f4f4f;font-size: large\">Policiais legislativos fizeram varreduras para descobrir escutas autorizadas pela Justi\u00e7a em im\u00f3veis ligados a parlamentares<\/span><\/p>\n<p class=\"m_-6455537439450115907western\">Com o objetivo de reunir provas de que a estrutura da Pol\u00edcia do Senado Federal foi usada para dificultar dilig\u00eancias da Opera\u00e7\u00e3o Lava Jato e tamb\u00e9m para satisfazer interesses particulares, foram cumpridos na manh\u00e3 desta sexta-feira (21) em Bras\u00edlia, nove mandados judiciais, sendo quatro ordens de pris\u00e3o tempor\u00e1ria e cinco de buscas e apreens\u00f5es. As medidas cautelares foram determinadas pela 10\u00aa Vara da Justi\u00e7a Federal, em atendimento a pedido apresentado pelo Minist\u00e9rio P\u00fablico Federal (MPF\/DF) e pela Pol\u00edcia Federal. Tamb\u00e9m foi determinada a suspens\u00e3o do exerc\u00edcio da fun\u00e7\u00e3o p\u00fablica das quatro pessoas detidas. Como o caso ainda \u00e9 sigiloso, os nomes dos alvos da opera\u00e7\u00e3o n\u00e3o ser\u00e3o divulgados.<\/p>\n<p class=\"m_-6455537439450115907western\">Os fatos s\u00e3o apurados em inqu\u00e9rito policial a partir de informa\u00e7\u00f5es na dela\u00e7\u00e3o premiada de um policial legislativo. O agente afirmou aos investigadores que, em quatro ocasi\u00f5es, servidores p\u00fablicos &#8211; utilizando equipamentos do Senado &#8211; fizeram varreduras em im\u00f3veis particulares e funcionais ligados a tr\u00eas senadores e um ex-parlamentar investigados na Opera\u00e7\u00e3o Lava Jato. O objetivo, segundo as declara\u00e7\u00f5es do colaborador, era fazer a chamada contraintelig\u00eancia: localizar e destruir eventuais sistemas utilizados para escutas telef\u00f4nicas e ambientes. As ordens para a atividade ilegal partiram de um dos alvos da opera\u00e7\u00e3o desta sexta-feira. Em pelo menos duas ocasi\u00f5es, os agentes p\u00fablicos se deslocaram at\u00e9 a cidade de S\u00e3o Luiz (MA) e Curitiba (PR) para executar as tarefas.<\/p>\n<p class=\"m_-6455537439450115907western\">Na peti\u00e7\u00e3o com o pedido das medidas cautelares, o MPF enfatiza que as varreduras em ambientes, por si s\u00f3, n\u00e3o constitui crime. No entanto, duas especificidades deste caso tornam a pr\u00e1tica ilegal: o fato de endere\u00e7os que passaram pela vistoria estarem vinculados a pessoas investigadas no \u00e2mbito do Supremo Tribunal Federal (pela prerrogativa de foro) e a utiliza\u00e7\u00e3o de recursos p\u00fablicos na empreitada. \u201cA deliberada utiliza\u00e7\u00e3o de um equipamento sofisticado, de propriedade do Senado Federal, utilizando recursos p\u00fablicos, passagens a\u00e9reas custeadas pelo Er\u00e1rio e servidores concursados, em escrit\u00f3rios ou resid\u00eancias particulares, n\u00e3o possui outro objetivo sen\u00e3o o de embara\u00e7ar a investiga\u00e7\u00e3o de infra\u00e7\u00e3o penal que envolve organiza\u00e7\u00e3o criminosa\u201d, detalha um dos trechos do documento.<\/p>\n<p class=\"m_-6455537439450115907western\">De acordo com ato normativo do Senado, entre as atribui\u00e7\u00f5es da Pol\u00edcia Legislativa est\u00e1 a de executar Contramedidas de Vigil\u00e2ncia T\u00e9cnica (CMVT). A norma deixa claro, no entanto, que este trabalho deve ser restrito \u00e0s depend\u00eancias da Casa Legislativa. N\u00e3o foi o que mostraram as investiga\u00e7\u00f5es preliminares, segundo as quais houve varreduras em seis endere\u00e7os diferentes do parlamento. Al\u00e9m disso, o delator e outras testemunhas ouvidas pela PF afirmaram que, nesses casos &#8211; ao contr\u00e1rio do que ocorre em vistorias regulares &#8211; as ordens para a execu\u00e7\u00e3o dos servi\u00e7os n\u00e3o foram registradas.<\/p>\n","protected":false},"excerpt":{"rendered":"<p>Policiais legislativos fizeram varreduras para descobrir escutas autorizadas pela Justi\u00e7a em im\u00f3veis ligados a parlamentares Com o objetivo de reunir provas de que a estrutura da Pol\u00edcia do Senado Federal foi usada para dificultar dilig\u00eancias da Opera\u00e7\u00e3o Lava Jato e tamb\u00e9m para satisfazer interesses particulares, foram cumpridos na manh\u00e3 desta sexta-feira (21) em Bras\u00edlia, nove mandados judiciais, sendo quatro ordens [&hellip;]<\/p>\n","protected":false},"author":27,"featured_media":0,"comment_status":"open","ping_status":"closed","sticky":false,"template":"","format":"standard","meta":{"footnotes":""},"categories":[2719],"tags":[4004,1456,283,89,4005,4003,319,316,696,362],"class_list":["post-3271","post","type-post","status-publish","format-standard","hentry","category-servidor","tag-apuram","tag-investigacoes","tag-lava-jato","tag-mpfdf","tag-obstruir","tag-operacao-metis","tag-pf","tag-recursos","tag-senado","tag-uso"],"_links":{"self":[{"href":"https:\/\/blogs.correiobraziliense.com.br\/servidor\/wp-json\/wp\/v2\/posts\/3271","targetHints":{"allow":["GET"]}}],"collection":[{"href":"https:\/\/blogs.correiobraziliense.com.br\/servidor\/wp-json\/wp\/v2\/posts"}],"about":[{"href":"https:\/\/blogs.correiobraziliense.com.br\/servidor\/wp-json\/wp\/v2\/types\/post"}],"author":[{"embeddable":true,"href":"https:\/\/blogs.correiobraziliense.com.br\/servidor\/wp-json\/wp\/v2\/users\/27"}],"replies":[{"embeddable":true,"href":"https:\/\/blogs.correiobraziliense.com.br\/servidor\/wp-json\/wp\/v2\/comments?post=3271"}],"version-history":[{"count":1,"href":"https:\/\/blogs.correiobraziliense.com.br\/servidor\/wp-json\/wp\/v2\/posts\/3271\/revisions"}],"predecessor-version":[{"id":3272,"href":"https:\/\/blogs.correiobraziliense.com.br\/servidor\/wp-json\/wp\/v2\/posts\/3271\/revisions\/3272"}],"wp:attachment":[{"href":"https:\/\/blogs.correiobraziliense.com.br\/servidor\/wp-json\/wp\/v2\/media?parent=3271"}],"wp:term":[{"taxonomy":"category","embeddable":true,"href":"https:\/\/blogs.correiobraziliense.com.br\/servidor\/wp-json\/wp\/v2\/categories?post=3271"},{"taxonomy":"post_tag","embeddable":true,"href":"https:\/\/blogs.correiobraziliense.com.br\/servidor\/wp-json\/wp\/v2\/tags?post=3271"}],"curies":[{"name":"wp","href":"https:\/\/api.w.org\/{rel}","templated":true}]}}