{"id":3269,"date":"2016-10-21T12:40:29","date_gmt":"2016-10-21T14:40:29","guid":{"rendered":"https:\/\/blogs.correiobraziliense.com.br\/servidor\/?p=3269"},"modified":"2016-10-21T12:40:29","modified_gmt":"2016-10-21T14:40:29","slug":"salarios-na-iniciativa-privada-perdem-da-inflacao","status":"publish","type":"post","link":"https:\/\/blogs.correiobraziliense.com.br\/servidor\/salarios-na-iniciativa-privada-perdem-da-inflacao\/","title":{"rendered":"Sal\u00e1rios na iniciativa privada perdem da infla\u00e7\u00e3o"},"content":{"rendered":"<p><em>Em setembro, 45% das negocia\u00e7\u00f5es salariais no setor privado resultaram em reajustes inferiores \u00e0 varia\u00e7\u00e3o do INPC. Situa\u00e7\u00e3o, que piorou em rela\u00e7\u00e3o ao m\u00eas anterior, decorre da crise econ\u00f4mica e do aumento do desemprego<\/em><\/p>\n<p>A crise econ\u00f4mica e a queda nos n\u00edveis de emprego continuam abalando o bolso do trabalhador. Das 763 negocia\u00e7\u00f5es salariais concretizadas em setembro entre patr\u00f5es e empregados, no setor privado, 45,6% tiveram como resultado reajustes abaixo da infla\u00e7\u00e3o medida em 12 meses pelo \u00cdndice Nacional de Pre\u00e7os ao Consumidor (INPC), de 9,6%. A situa\u00e7\u00e3o piorou em rela\u00e7\u00e3o ao m\u00eas anterior, quando 44,4% das tratativas resultaram em corre\u00e7\u00f5es abaixo do \u00edndice.<\/p>\n<p>Os dados s\u00e3o da pesquisa Salari\u00f4metro, do Instituto de Pesquisas Econ\u00f4micas (Fipe). O levantamento revelou ainda que a folha total de sal\u00e1rios no pa\u00eds, estimada a partir de dep\u00f3sitos ao Fundo de Garantia do Tempo de Servi\u00e7o (FGTS) tamb\u00e9m despencou. Ficou em R$ 98,1 bilh\u00f5es em julho, 0,2% menor que a anterior e 3% inferior \u00e0 do mesmo m\u00eas de 2015. O valor anualizado da massa de sal\u00e1rios pagos sofreu um baque de 9,9%, caindo para 1,18 trilh\u00e3o.<\/p>\n<p>Na an\u00e1lise do economista H\u00e9lio Zylberstajn, coordenador do estudo, as tens\u00f5es nas negocia\u00e7\u00f5es salariais continuam fortes. Ele deu como exemplo a categoria dos banc\u00e1rios, considerada poderosa e unida, que teve aumento de 8%, abaixo do INPC. \u201cConseguiram apenas recomposi\u00e7\u00e3o real dos benef\u00edcios e um abono de R$ 3,5 mil, que n\u00e3o \u00e9 incorporado ao sal\u00e1rio\u201d. Ele lembrou que o mercado de trabalho \u00e9 sempre o \u00faltimo a se recuperar da crise. \u201c\u00c9 importante destacar que a infla\u00e7\u00e3o dever\u00e1 cair para 7% at\u00e9 o fim do ano. Talvez isso crie espa\u00e7o para negocia\u00e7\u00f5es mais favor\u00e1veis. Mas tudo depender\u00e1 da aprova\u00e7\u00e3o da PEC 214, do teto dos gastos p\u00fablicos, e de o governo provar que vai haver mesmo reforma da Previd\u00eancia e investimentos em infraestrutura\u201d, destacou.<\/p>\n<p>Para Canind\u00e9 Pegado, secret\u00e1rio-geral da Uni\u00e3o Geral dos Trabalhadores (UGT), o momento \u00e9 delicado. \u201cLouvo as entidades que conseguiram algum reajuste, mesmo que n\u00e3o tenha sido o ideal.\u201d Ao contr\u00e1rio de Zylberstajn, ele acha que a situa\u00e7\u00e3o tende a se agravar se a PEC 241 passar pelo Congresso. \u201cN\u00e3o podemos nos descuidar. A melhor sa\u00edda, no momento, \u00e9 garantir ganho real nos benef\u00edcios por dois anos e negociar uma revis\u00e3o da cl\u00e1usula econ\u00f4mica na data-base\u201d, aconselhou Pegado.<\/p>\n<p>Jo\u00e3o Carlos Gon\u00e7alves, o Juruna, secret\u00e1rio-geral da For\u00e7a Sindical, destacou que acordos com reajustes abaixo da infla\u00e7\u00e3o se tornaram uma tend\u00eancia devido \u00e0 alta do desemprego. Juruna n\u00e3o v\u00ea perspectiva de piora do cen\u00e1rio com a PEC 241. \u201cAs negocia\u00e7\u00f5es no setor privado s\u00e3o com o p\u00e9 no ch\u00e3o\u201d, enfatizou. A queda da taxa b\u00e1sica de juros em 0,25 ponto percentual, aliada ao acordo de leni\u00eancia com as empresas envolvidas na Opera\u00e7\u00e3o Lava Jato, prevendo puni\u00e7\u00e3o dos respons\u00e1veis e n\u00e3o das companhias \u2014 poder\u00e3o melhorar o cen\u00e1rio. \u201cA campanha salarial acabou se transformando em um jogo pol\u00edtico, no sentido de conscientizar a categoria de que o Brasil precisa mudar a pol\u00edtica econ\u00f4mica e melhorar o ambiente de neg\u00f3cios. S\u00f3 assim o emprego e os sal\u00e1rios v\u00e3o deslanchar\u201d, assinalou.<\/p>\n<p>Segundo o levantamento da Fipe, a situa\u00e7\u00e3o foi muito pior nos acordos coletivos \u2014 negocia\u00e7\u00e3o entre patr\u00f5es e trabalhadores de uma empresa. A perda de poder aquisitivo rompeu a barreira dos 50%, registrados em agosto, e saltou para 55,5%, em setembro, fato que n\u00e3o ocorria desde mar\u00e7o (63,8%). Nas conven\u00e7\u00f5es coletivas \u2014 quando uma entidade sindical representa a categoria \u2014, a discuss\u00e3o foi mais equilibrada: de agosto para setembro, a quantidade de resultados perdendo da infla\u00e7\u00e3o baixou de 31,3%, para 16,3%.<\/p>\n<p><strong>Categorias<\/strong><\/p>\n<p>Entre 2015 e 2016, as piores perdas salariais foram do pessoal do setor de venda, compra, loca\u00e7\u00e3o e administra\u00e7\u00e3o de im\u00f3veis, cujos ganhos foram corrigidos 30% abaixo do INPC. Em seguida, v\u00eam os trabalhadores de ind\u00fastrias extrativas (-25%), de educa\u00e7\u00e3o, ensino e forma\u00e7\u00e3o profissional (-25%), organiza\u00e7\u00f5es n\u00e3o governamentais (-21,9%) e confec\u00e7\u00f5es, vestu\u00e1rio, cal\u00e7ados e artefatos de couro (-21,1%). Na constru\u00e7\u00e3o civil, na ind\u00fastria metal\u00fargica e de qu\u00edmica, na ind\u00fastria farmac\u00eautica e de pl\u00e1sticos, as corre\u00e7\u00f5es salariais foram concretizadas com \u00edndice de 20% inferior \u00e0 infla\u00e7\u00e3o.<\/p>\n","protected":false},"excerpt":{"rendered":"<p>Em setembro, 45% das negocia\u00e7\u00f5es salariais no setor privado resultaram em reajustes inferiores \u00e0 varia\u00e7\u00e3o do INPC. Situa\u00e7\u00e3o, que piorou em rela\u00e7\u00e3o ao m\u00eas anterior, decorre da crise econ\u00f4mica e do aumento do desemprego A crise econ\u00f4mica e a queda nos n\u00edveis de emprego continuam abalando o bolso do trabalhador. Das 763 negocia\u00e7\u00f5es salariais concretizadas em setembro entre patr\u00f5es e [&hellip;]<\/p>\n","protected":false},"author":27,"featured_media":0,"comment_status":"open","ping_status":"closed","sticky":false,"template":"","format":"standard","meta":{"footnotes":""},"categories":[2719],"tags":[366,4002,240,2685,4000,894,3999,1295,1470,4001,30],"class_list":["post-3269","post","type-post","status-publish","format-standard","hentry","category-servidor","tag-crise","tag-fipe","tag-inflacao","tag-iniciativa","tag-inpc","tag-negociacoes","tag-perdem","tag-privada","tag-salariais","tag-salariometro","tag-salarios"],"_links":{"self":[{"href":"https:\/\/blogs.correiobraziliense.com.br\/servidor\/wp-json\/wp\/v2\/posts\/3269","targetHints":{"allow":["GET"]}}],"collection":[{"href":"https:\/\/blogs.correiobraziliense.com.br\/servidor\/wp-json\/wp\/v2\/posts"}],"about":[{"href":"https:\/\/blogs.correiobraziliense.com.br\/servidor\/wp-json\/wp\/v2\/types\/post"}],"author":[{"embeddable":true,"href":"https:\/\/blogs.correiobraziliense.com.br\/servidor\/wp-json\/wp\/v2\/users\/27"}],"replies":[{"embeddable":true,"href":"https:\/\/blogs.correiobraziliense.com.br\/servidor\/wp-json\/wp\/v2\/comments?post=3269"}],"version-history":[{"count":1,"href":"https:\/\/blogs.correiobraziliense.com.br\/servidor\/wp-json\/wp\/v2\/posts\/3269\/revisions"}],"predecessor-version":[{"id":3270,"href":"https:\/\/blogs.correiobraziliense.com.br\/servidor\/wp-json\/wp\/v2\/posts\/3269\/revisions\/3270"}],"wp:attachment":[{"href":"https:\/\/blogs.correiobraziliense.com.br\/servidor\/wp-json\/wp\/v2\/media?parent=3269"}],"wp:term":[{"taxonomy":"category","embeddable":true,"href":"https:\/\/blogs.correiobraziliense.com.br\/servidor\/wp-json\/wp\/v2\/categories?post=3269"},{"taxonomy":"post_tag","embeddable":true,"href":"https:\/\/blogs.correiobraziliense.com.br\/servidor\/wp-json\/wp\/v2\/tags?post=3269"}],"curies":[{"name":"wp","href":"https:\/\/api.w.org\/{rel}","templated":true}]}}