{"id":3265,"date":"2016-10-21T12:33:07","date_gmt":"2016-10-21T14:33:07","guid":{"rendered":"https:\/\/blogs.correiobraziliense.com.br\/servidor\/?p=3265"},"modified":"2016-10-21T12:33:07","modified_gmt":"2016-10-21T14:33:07","slug":"gasto-com-servidores-cresce-13-e-receita-6","status":"publish","type":"post","link":"https:\/\/blogs.correiobraziliense.com.br\/servidor\/gasto-com-servidores-cresce-13-e-receita-6\/","title":{"rendered":"Gasto com servidores cresce 13% e receita 6%"},"content":{"rendered":"<p><strong>RODOLFO COSTA<\/strong><\/p>\n<p>A rela\u00e7\u00e3o entre gastos com servidores e arrecada\u00e7\u00e3o \u00e9 preocupante. Em 2015, as despesas com pessoal cresceram nominalmente 13,06% em rela\u00e7\u00e3o a 2014. J\u00e1 a receita l\u00edquida nominal subiu 5,97%. Como a infla\u00e7\u00e3o no ano passado foi de 10,57%, isso significa que, em termos reais \u2014 ou seja, descontada a infla\u00e7\u00e3o \u2014, os desembolsos subiram, enquanto que os recursos dispon\u00edveis para os pagamentos ca\u00edram, segundo destacou a Secretaria do Tesouro Nacional no <i>Boletim de Finan\u00e7as P\u00fablicas dos Entes Subnacionais<\/i>.<\/p>\n<p>Para o Tesouro, o crescimento real das despesas com pessoal \u201cilustra a import\u00e2ncia da conten\u00e7\u00e3o de gastos\u201d. \u201cConsiderando o car\u00e1ter n\u00e3o compressivo desse tipo de despesa, seu crescimento restringe a margem para que o poder p\u00fablico enfrente as restri\u00e7\u00f5es financeiras atuais e futuras. Controle dos aumentos salariais, nos gastos comissionados e conten\u00e7\u00e3o de contrata\u00e7\u00f5es de terceirizados s\u00e3o algumas medidas que podem ser adotadas para reverter o aumento de gastos\u201d, destacou.<\/p>\n<p>Em 2015, o gasto com servidores e empregados p\u00fablicos em atividade subiu 8,07%. J\u00e1 os desembolsos com aposentados e pensionistas avan\u00e7ou 28,41%. \u201cPara o caso dos inativos, a solu\u00e7\u00e3o passa pela reforma da Previd\u00eancia dos servidores p\u00fablicos\u201d, refor\u00e7ou o Tesouro.<\/p>\n<p>Apesar da situa\u00e7\u00e3o fiscal delicada nos estados, 14 unidades da Federa\u00e7\u00e3o \u2014 incluindo o Distrito Federal \u2014 t\u00eam condi\u00e7\u00f5es de receber empr\u00e9stimos da Uni\u00e3o. S\u00e3o as classificadas pelo Tesouro como \u201cA\u201d ou \u201cB\u201d, avalia\u00e7\u00e3o que, para o governo federal, os coloca em situa\u00e7\u00e3o de honrarem as d\u00edvidas. S\u00e3o eles: Amazonas, Amap\u00e1, Bahia, Cear\u00e1, Esp\u00edrito Santo, Maranh\u00e3o, Mato Grosso, Par\u00e1, Pernambuco, Paran\u00e1, Rond\u00f4nia, Roraima, Tocantins, al\u00e9m do DF.<\/p>\n","protected":false},"excerpt":{"rendered":"<p>RODOLFO COSTA A rela\u00e7\u00e3o entre gastos com servidores e arrecada\u00e7\u00e3o \u00e9 preocupante. Em 2015, as despesas com pessoal cresceram nominalmente 13,06% em rela\u00e7\u00e3o a 2014. J\u00e1 a receita l\u00edquida nominal subiu 5,97%. Como a infla\u00e7\u00e3o no ano passado foi de 10,57%, isso significa que, em termos reais \u2014 ou seja, descontada a infla\u00e7\u00e3o \u2014, os desembolsos subiram, enquanto que os [&hellip;]<\/p>\n","protected":false},"author":27,"featured_media":0,"comment_status":"open","ping_status":"closed","sticky":false,"template":"","format":"standard","meta":{"footnotes":""},"categories":[2719],"tags":[2391,3722,68,943,1635,240,944,238,1153,461,58],"class_list":["post-3265","post","type-post","status-publish","format-standard","hentry","category-servidor","tag-cai","tag-cresce","tag-df","tag-estados","tag-gasto","tag-inflacao","tag-municipios","tag-nominal","tag-pessoal","tag-receita","tag-servidores"],"_links":{"self":[{"href":"https:\/\/blogs.correiobraziliense.com.br\/servidor\/wp-json\/wp\/v2\/posts\/3265","targetHints":{"allow":["GET"]}}],"collection":[{"href":"https:\/\/blogs.correiobraziliense.com.br\/servidor\/wp-json\/wp\/v2\/posts"}],"about":[{"href":"https:\/\/blogs.correiobraziliense.com.br\/servidor\/wp-json\/wp\/v2\/types\/post"}],"author":[{"embeddable":true,"href":"https:\/\/blogs.correiobraziliense.com.br\/servidor\/wp-json\/wp\/v2\/users\/27"}],"replies":[{"embeddable":true,"href":"https:\/\/blogs.correiobraziliense.com.br\/servidor\/wp-json\/wp\/v2\/comments?post=3265"}],"version-history":[{"count":1,"href":"https:\/\/blogs.correiobraziliense.com.br\/servidor\/wp-json\/wp\/v2\/posts\/3265\/revisions"}],"predecessor-version":[{"id":3266,"href":"https:\/\/blogs.correiobraziliense.com.br\/servidor\/wp-json\/wp\/v2\/posts\/3265\/revisions\/3266"}],"wp:attachment":[{"href":"https:\/\/blogs.correiobraziliense.com.br\/servidor\/wp-json\/wp\/v2\/media?parent=3265"}],"wp:term":[{"taxonomy":"category","embeddable":true,"href":"https:\/\/blogs.correiobraziliense.com.br\/servidor\/wp-json\/wp\/v2\/categories?post=3265"},{"taxonomy":"post_tag","embeddable":true,"href":"https:\/\/blogs.correiobraziliense.com.br\/servidor\/wp-json\/wp\/v2\/tags?post=3265"}],"curies":[{"name":"wp","href":"https:\/\/api.w.org\/{rel}","templated":true}]}}