{"id":3261,"date":"2016-10-20T20:58:47","date_gmt":"2016-10-20T22:58:47","guid":{"rendered":"https:\/\/blogs.correiobraziliense.com.br\/servidor\/?p=3261"},"modified":"2016-10-20T20:58:47","modified_gmt":"2016-10-20T22:58:47","slug":"policiais-civis-do-df-vao-parar-48-horas","status":"publish","type":"post","link":"https:\/\/blogs.correiobraziliense.com.br\/servidor\/policiais-civis-do-df-vao-parar-48-horas\/","title":{"rendered":"Policiais civis do DF v\u00e3o parar 48 horas"},"content":{"rendered":"<p>O presidente da Confedera\u00e7\u00e3o Brasileira de Trabalhadores Policiais Civis (<span class=\"il\">Cobrapol<\/span>), Janio Bosco Gandra, acaba de confirma que o pessoal do DF cruza os bra\u00e7os nas pr\u00f3ximas segunda e ter\u00e7a-feiras (27 e 28 de outubro)<\/p>\n<p><em>A categoria est\u00e1 revoltada com a morosidade do governo distrital em conceder reajustes salariais. A situa\u00e7\u00e3o piorou ap\u00f3s o pedido de vista do deputado Mauro Pereira (PMDB-RS), que suspendeu por duas sess\u00f5es a vota\u00e7\u00e3o do Projeto de lei 5.865\/2016, cujo relator \u00e9 o deputado Laerte Bessa (PR-DF).<\/em><\/p>\n<p>Embora o\u00a0 PL tratr do acordo salarial das pol\u00edcias Federal (PF) e Rodovi\u00e1ria Federal (PRF) e outras carreiras federais, os civis do DF trabalharam para a\u00a0 inclus\u00e3o de uma emenda que estipula a data base da PCDF e tenta sedimentar a isonomia da Pol\u00edcia Civil do DF (PCDF) com a PF. A emenda foi colocada pelo deputado federal Rog\u00e9rio Rosso (PP-DF) e apensada ao relat\u00f3rio de Bessa.<\/p>\n<p>Antes do pedido de vista, cinco parlamentares chegaram a manifestarem-se pela aprova\u00e7\u00e3o do PL, mas sem a emenda. A alega\u00e7\u00e3o deles \u00e9 de que h\u00e1 um v\u00edcio de iniciativa, o que poderia resultar na inconstitucionalidade do projeto.<\/p>\n<p>Segundo o Sindpol-DF, ao justificar a atitude \u201cem respeito \u00e0s demais categorias\u201d, o deputado Mauro Pereira explicou que \u00e9 necess\u00e1rio buscar mais di\u00e1logo com o governo federal para garantir a inclus\u00e3o das demais categorias ao PL.<\/p>\n<p>Com o retorno do presidente Michel Temer de uma viagem ao exterior nesta quinta, 20, o parlamentar disse que haver\u00e1 oportunidade para discutir o assunto \u201cde forma r\u00e1pida e objetiva\u201d.<\/p>\n<p>O presidente da mesa, Jo\u00e3o Campos (PRB-GO), acatou o pedido de vista por duas sess\u00f5es e convocou uma nova sess\u00e3o para a pr\u00f3xima ter\u00e7a, 25.<\/p>\n","protected":false},"excerpt":{"rendered":"<p>O presidente da Confedera\u00e7\u00e3o Brasileira de Trabalhadores Policiais Civis (Cobrapol), Janio Bosco Gandra, acaba de confirma que o pessoal do DF cruza os bra\u00e7os nas pr\u00f3ximas segunda e ter\u00e7a-feiras (27 e 28 de outubro) A categoria est\u00e1 revoltada com a morosidade do governo distrital em conceder reajustes salariais. A situa\u00e7\u00e3o piorou ap\u00f3s o pedido de vista do deputado Mauro Pereira [&hellip;]<\/p>\n","protected":false},"author":27,"featured_media":0,"comment_status":"open","ping_status":"closed","sticky":false,"template":"","format":"standard","meta":{"footnotes":""},"categories":[2719],"tags":[1035,68,3991,3990,15,2284,1717,110,841,690,3992],"class_list":["post-3261","post","type-post","status-publish","format-standard","hentry","category-servidor","tag-civis","tag-df","tag-distrital","tag-dois-dias","tag-greve","tag-morosidade","tag-pcdf","tag-policiais","tag-prf","tag-reajustes","tag-salariais-pf"],"_links":{"self":[{"href":"https:\/\/blogs.correiobraziliense.com.br\/servidor\/wp-json\/wp\/v2\/posts\/3261","targetHints":{"allow":["GET"]}}],"collection":[{"href":"https:\/\/blogs.correiobraziliense.com.br\/servidor\/wp-json\/wp\/v2\/posts"}],"about":[{"href":"https:\/\/blogs.correiobraziliense.com.br\/servidor\/wp-json\/wp\/v2\/types\/post"}],"author":[{"embeddable":true,"href":"https:\/\/blogs.correiobraziliense.com.br\/servidor\/wp-json\/wp\/v2\/users\/27"}],"replies":[{"embeddable":true,"href":"https:\/\/blogs.correiobraziliense.com.br\/servidor\/wp-json\/wp\/v2\/comments?post=3261"}],"version-history":[{"count":1,"href":"https:\/\/blogs.correiobraziliense.com.br\/servidor\/wp-json\/wp\/v2\/posts\/3261\/revisions"}],"predecessor-version":[{"id":3262,"href":"https:\/\/blogs.correiobraziliense.com.br\/servidor\/wp-json\/wp\/v2\/posts\/3261\/revisions\/3262"}],"wp:attachment":[{"href":"https:\/\/blogs.correiobraziliense.com.br\/servidor\/wp-json\/wp\/v2\/media?parent=3261"}],"wp:term":[{"taxonomy":"category","embeddable":true,"href":"https:\/\/blogs.correiobraziliense.com.br\/servidor\/wp-json\/wp\/v2\/categories?post=3261"},{"taxonomy":"post_tag","embeddable":true,"href":"https:\/\/blogs.correiobraziliense.com.br\/servidor\/wp-json\/wp\/v2\/tags?post=3261"}],"curies":[{"name":"wp","href":"https:\/\/api.w.org\/{rel}","templated":true}]}}