{"id":3258,"date":"2016-10-20T20:33:23","date_gmt":"2016-10-20T22:33:23","guid":{"rendered":"https:\/\/blogs.correiobraziliense.com.br\/servidor\/?p=3258"},"modified":"2016-10-20T20:33:23","modified_gmt":"2016-10-20T22:33:23","slug":"mpog-reunido-com-sinditamaraty-para-resolver-reajuste-salarial","status":"publish","type":"post","link":"https:\/\/blogs.correiobraziliense.com.br\/servidor\/mpog-reunido-com-sinditamaraty-para-resolver-reajuste-salarial\/","title":{"rendered":"MPOG reunido com Sinditamaraty para resolver compensa\u00e7\u00e3o da greve"},"content":{"rendered":"<p><em>A reuni\u00e3o come\u00e7ou \u00e0s 18h30, na Secretaria de Gest\u00e3o de Pessoas e Rela\u00e7\u00f5es de Trabalho no Servi\u00e7o P\u00fablico (Segrt) do Minist\u00e9rio do Planejamento<\/em><\/p>\n<p>O SindItamaraty \u00e9 a \u00fanica entidade representativa de servidores federais que n\u00e3o assinou acordo salarial com o governo. A proposta de reajuste remunerat\u00f3rio apresentada \u00e0 categoria foi de 27,9% para o per\u00edodo 2016 a 2019 (12,8% em janeiro\/17; 6,65% em janeiro\/18 e 6,31% em janeiro\/19), mesmo patamar j\u00e1 acordado com outras carreiras, informou o Planejamento.<\/p>\n<p>De acordo com o minist\u00e9rio, os servidores do MRE fizeram greve, entraram com diss\u00eddio na Justi\u00e7a e tiveram o ponto cortado durante o per\u00edodo de paralisa\u00e7\u00e3o. A Justi\u00e7a determinou que voltassem a negociar com o governo para formular um plano de compensa\u00e7\u00e3o das horas n\u00e3o trabalhadas. &#8220;Nesta quinta-feira (20), haver\u00e1 uma reuni\u00e3o, marcada para as 18h30, que tratar\u00e1 especificamente deste tema entre os representantes do governo e dos servidores&#8221;, destacou a nota.<\/p>\n","protected":false},"excerpt":{"rendered":"<p>A reuni\u00e3o come\u00e7ou \u00e0s 18h30, na Secretaria de Gest\u00e3o de Pessoas e Rela\u00e7\u00f5es de Trabalho no Servi\u00e7o P\u00fablico (Segrt) do Minist\u00e9rio do Planejamento O SindItamaraty \u00e9 a \u00fanica entidade representativa de servidores federais que n\u00e3o assinou acordo salarial com o governo. A proposta de reajuste remunerat\u00f3rio apresentada \u00e0 categoria foi de 27,9% para o per\u00edodo 2016 a 2019 (12,8% em [&hellip;]<\/p>\n","protected":false},"author":27,"featured_media":0,"comment_status":"open","ping_status":"closed","sticky":false,"template":"","format":"standard","meta":{"footnotes":""},"categories":[2719],"tags":[2113,15,883,2421,1483,2122,3989],"class_list":["post-3258","post","type-post","status-publish","format-standard","hentry","category-servidor","tag-compensacao","tag-greve","tag-horas","tag-mpog","tag-segrt","tag-sinditamaraty","tag-trabalhadas"],"_links":{"self":[{"href":"https:\/\/blogs.correiobraziliense.com.br\/servidor\/wp-json\/wp\/v2\/posts\/3258","targetHints":{"allow":["GET"]}}],"collection":[{"href":"https:\/\/blogs.correiobraziliense.com.br\/servidor\/wp-json\/wp\/v2\/posts"}],"about":[{"href":"https:\/\/blogs.correiobraziliense.com.br\/servidor\/wp-json\/wp\/v2\/types\/post"}],"author":[{"embeddable":true,"href":"https:\/\/blogs.correiobraziliense.com.br\/servidor\/wp-json\/wp\/v2\/users\/27"}],"replies":[{"embeddable":true,"href":"https:\/\/blogs.correiobraziliense.com.br\/servidor\/wp-json\/wp\/v2\/comments?post=3258"}],"version-history":[{"count":1,"href":"https:\/\/blogs.correiobraziliense.com.br\/servidor\/wp-json\/wp\/v2\/posts\/3258\/revisions"}],"predecessor-version":[{"id":3259,"href":"https:\/\/blogs.correiobraziliense.com.br\/servidor\/wp-json\/wp\/v2\/posts\/3258\/revisions\/3259"}],"wp:attachment":[{"href":"https:\/\/blogs.correiobraziliense.com.br\/servidor\/wp-json\/wp\/v2\/media?parent=3258"}],"wp:term":[{"taxonomy":"category","embeddable":true,"href":"https:\/\/blogs.correiobraziliense.com.br\/servidor\/wp-json\/wp\/v2\/categories?post=3258"},{"taxonomy":"post_tag","embeddable":true,"href":"https:\/\/blogs.correiobraziliense.com.br\/servidor\/wp-json\/wp\/v2\/tags?post=3258"}],"curies":[{"name":"wp","href":"https:\/\/api.w.org\/{rel}","templated":true}]}}