{"id":3255,"date":"2016-10-20T20:25:09","date_gmt":"2016-10-20T22:25:09","guid":{"rendered":"https:\/\/blogs.correiobraziliense.com.br\/servidor\/?p=3255"},"modified":"2016-10-20T20:26:12","modified_gmt":"2016-10-20T22:26:12","slug":"cinco-categorias-de-servidores-estao-indignadas-com-manobras-do-governo","status":"publish","type":"post","link":"https:\/\/blogs.correiobraziliense.com.br\/servidor\/cinco-categorias-de-servidores-estao-indignadas-com-manobras-do-governo\/","title":{"rendered":"Servidores indignados com manobras do governo"},"content":{"rendered":"<p><em>Policiais federais e rodovi\u00e1rios federais e os peritos federais agr\u00e1rios denunciam manobras da base governista para\u00a0 atrasar a tramita\u00e7\u00e3o do projeto PL 5.865\/2016, que recomp\u00f5e as perdas salariais dos servidores<\/em><\/p>\n<p>Veja o manifesto na \u00edntegra:<\/p>\n<p>&#8220;A Pol\u00edcia Federal, Pol\u00edcia Rodovi\u00e1ria Federal, Departamento Nacional de Infraestrutura de Transportes e o Instituto Nacional de Coloniza\u00e7\u00e3o e Reforma Agr\u00e1ria, atrav\u00e9s das suas respectivas representa\u00e7\u00f5es classistas, vem a p\u00fablico manifestar rep\u00fadio e indigna\u00e7\u00e3o \u00e0 manobra realizada ontem no Congresso Nacional durante a vota\u00e7\u00e3o pela Comiss\u00e3o Especial que analisa o relat\u00f3rio do Projeto de Lei (PL) n\u00ba 5865\/2016, que concede a recomposi\u00e7\u00e3o das perdas inflacion\u00e1rias a esses servidores.<br \/>\nNuma inesperada atitude, o Deputado Mauro Pereira (PMDB-RS), integrante da base governista, fez um pedido de vistas ao citado Projeto de Lei sob a justificativa de que outras categorias haviam pedido para ingressar no mesmo PL e que pretendia apresentar emenda.<br \/>\nConforme debatido na Comiss\u00e3o Especial, a iniciativa desse PL \u00e9 do Poder Executivo e, por isso, qualquer emenda apresentada por parlamentar \u00e9 inconstitucional, por v\u00edcio de iniciativa. E, mesmo ap\u00f3s conversar com as entidades, o parlamentar insistiu em manter o pedido de vista.<br \/>\nO governo Temer ratificou expressamente o acordo firmado pelo governo anterior com as referidas categorias de servidores, que vinham negociando desde 2007 a recomposi\u00e7\u00e3o das perdas inflacion\u00e1rias e que, com a aprova\u00e7\u00e3o do PL 5865\/2016, passar\u00e3o a perceber o reajuste apenas a partir de janeiro de 2017, enquanto outras categorias dos tr\u00eas Poderes j\u00e1 tiveram seus reajustes aprovados e implementados desde agosto deste ano.<br \/>\n\u00c9 p\u00fablico e not\u00f3rio o andamento da PEC 241\/2016, destinada \u00e0 conten\u00e7\u00e3o de despesas da Uni\u00e3o, na qual est\u00e1 prevista, entre outras a\u00e7\u00f5es, a cria\u00e7\u00e3o de teto para o reajuste salarial dos servidores p\u00fablicos federais.<\/p>\n<p>N\u00e3o queremos acreditar que essa esdr\u00faxula manobra se trata de movimento sub-rept\u00edcio, patrocinado pelo Governo Federal, destinado a prejudicar acordo firmado e ratificado pelas mais elevadas autoridades do Poder Executivo, de maneira frontalmente discriminat\u00f3ria.<br \/>\nConfiamos que o Governo ir\u00e1 determinar \u00e0 sua base no Congresso Nacional, que n\u00e3o permita criar preju\u00edzos aos servidores e seus familiares que tanto sofreram com as perdas inflacion\u00e1rias nos \u00faltimos dez anos.<br \/>\nA aprova\u00e7\u00e3o do PL antes da PEC 241\/2016 \u00e9 medida que se imp\u00f5e, com a efetiva implementa\u00e7\u00e3o dos termos pactuados com o Governo, impedindo assim futuros questionamentos administrativos e judiciais, que iriam gerar indesejada instabilidade dentro desses respeit\u00e1veis \u00f3rg\u00e3os, dentre os quais, os respons\u00e1veis pela seguran\u00e7a p\u00fablica na esfera federal, dando causa a graves repercuss\u00f5es em todo pa\u00eds.<\/p>\n<p>Diante disso, as entidades representativas esperam que o Projeto de Lei 5865\/2016 seja aprovado ainda na segunda-feira, \u00e0s 17 horas, conforme calend\u00e1rio de vota\u00e7\u00e3o da Comiss\u00e3o Especial.<br \/>\nEntidades Representativas em Ordem Alfab\u00e9tica:<br \/>\nAssocia\u00e7\u00e3o Brasileira de Papiloscopistas Policiais Federais \u2013 ABRAPOL<br \/>\nAssocia\u00e7\u00e3o Nacional dos Peritos Criminais Federais \u2013 APCF<br \/>\nAssocia\u00e7\u00e3o dos Servidores Federais em Transportes \u2013 ASDNER<br \/>\nFedera\u00e7\u00e3o Nacional dos Delegados de Pol\u00edcia Federal \u2013 FENADEPOL<br \/>\nFedera\u00e7\u00e3o Nacional dos Policiais Federais \u2013 FENAPEF<br \/>\nFedera\u00e7\u00e3o Nacional dos Policiais Rodovi\u00e1rios Federais \u2013 FENAPRF<br \/>\nSindicato Nacional dos Peritos Federais Agr\u00e1rios &#8211; SindPFA&#8221;<\/p>\n","protected":false},"excerpt":{"rendered":"<p>Policiais federais e rodovi\u00e1rios federais e os peritos federais agr\u00e1rios denunciam manobras da base governista para\u00a0 atrasar a tramita\u00e7\u00e3o do projeto PL 5.865\/2016, que recomp\u00f5e as perdas salariais dos servidores Veja o manifesto na \u00edntegra: &#8220;A Pol\u00edcia Federal, Pol\u00edcia Rodovi\u00e1ria Federal, Departamento Nacional de Infraestrutura de Transportes e o Instituto Nacional de Coloniza\u00e7\u00e3o e Reforma Agr\u00e1ria, atrav\u00e9s das suas respectivas [&hellip;]<\/p>\n","protected":false},"author":27,"featured_media":0,"comment_status":"open","ping_status":"closed","sticky":false,"template":"","format":"standard","meta":{"footnotes":""},"categories":[2719],"tags":[3987,3438,803,3985,813,98,2215,3986,3988,58,695],"class_list":["post-3255","post","type-post","status-publish","format-standard","hentry","category-servidor","tag-atrasar","tag-base","tag-categorias","tag-cinco","tag-denunciam","tag-governo","tag-indignados","tag-manobras","tag-pl-5-86516","tag-servidores","tag-tramitacao"],"_links":{"self":[{"href":"https:\/\/blogs.correiobraziliense.com.br\/servidor\/wp-json\/wp\/v2\/posts\/3255","targetHints":{"allow":["GET"]}}],"collection":[{"href":"https:\/\/blogs.correiobraziliense.com.br\/servidor\/wp-json\/wp\/v2\/posts"}],"about":[{"href":"https:\/\/blogs.correiobraziliense.com.br\/servidor\/wp-json\/wp\/v2\/types\/post"}],"author":[{"embeddable":true,"href":"https:\/\/blogs.correiobraziliense.com.br\/servidor\/wp-json\/wp\/v2\/users\/27"}],"replies":[{"embeddable":true,"href":"https:\/\/blogs.correiobraziliense.com.br\/servidor\/wp-json\/wp\/v2\/comments?post=3255"}],"version-history":[{"count":2,"href":"https:\/\/blogs.correiobraziliense.com.br\/servidor\/wp-json\/wp\/v2\/posts\/3255\/revisions"}],"predecessor-version":[{"id":3257,"href":"https:\/\/blogs.correiobraziliense.com.br\/servidor\/wp-json\/wp\/v2\/posts\/3255\/revisions\/3257"}],"wp:attachment":[{"href":"https:\/\/blogs.correiobraziliense.com.br\/servidor\/wp-json\/wp\/v2\/media?parent=3255"}],"wp:term":[{"taxonomy":"category","embeddable":true,"href":"https:\/\/blogs.correiobraziliense.com.br\/servidor\/wp-json\/wp\/v2\/categories?post=3255"},{"taxonomy":"post_tag","embeddable":true,"href":"https:\/\/blogs.correiobraziliense.com.br\/servidor\/wp-json\/wp\/v2\/tags?post=3255"}],"curies":[{"name":"wp","href":"https:\/\/api.w.org\/{rel}","templated":true}]}}