{"id":3237,"date":"2016-10-19T20:54:48","date_gmt":"2016-10-19T22:54:48","guid":{"rendered":"https:\/\/blogs.correiobraziliense.com.br\/servidor\/?p=3237"},"modified":"2016-10-19T20:54:48","modified_gmt":"2016-10-19T22:54:48","slug":"justica-cancela-prova-discursiva-do-concurso-da-anac","status":"publish","type":"post","link":"https:\/\/blogs.correiobraziliense.com.br\/servidor\/justica-cancela-prova-discursiva-do-concurso-da-anac\/","title":{"rendered":"Justi\u00e7a cancela prova discursiva do concurso da Anac"},"content":{"rendered":"<p><i>Candidatos de todo pa\u00eds fariam prova neste domingo. Decis\u00e3o revalida processo aplicado dia 22 de maio<\/i><\/p>\n<p>A justi\u00e7a suspendeu a reaplica\u00e7\u00e3o da prova da Ag\u00eancia Nacional de Avia\u00e7\u00e3o (Anac) neste domingo (23\/10). A 5\u00aa Vara Federal C\u00edvel da Se\u00e7\u00e3o Judici\u00e1ria do Distrito Federal expediu hoje (19) o mandado de seguran\u00e7a coletivo (processo n\u00ba 1008367-54.2016.4..01.3004) que revalida a prova aplicada no dia 22 de maio para a \u00e1rea 2 do cargo de especialista em regula\u00e7\u00e3o de avia\u00e7\u00e3o civil.<\/p>\n<p>O advogado especialista em concursos p\u00fablicos e membro da comiss\u00e3o de fiscaliza\u00e7\u00e3o de concursos da OAB-DF Max Kolbe foi o respons\u00e1vel pela a\u00e7\u00e3o. Segundo ele, a liminar expedida pela 24\u00aa Vara Federal do Rio de Janeiro (processo n\u00ba 0114271-91.2016.4.02.5101) beneficiava um \u00fanico candidato que conseguiu a anula\u00e7\u00e3o de uma quest\u00e3o objetiva. Com isso, a avalia\u00e7\u00e3o discursiva aplicada posteriormente foi invalidada.<\/p>\n<p>\u201cN\u00e3o houve qualquer ilegalidade na fase discursiva. Se houve algum problema com quest\u00f5es objetivas, as medidas tomadas devem ser implicadas estritamente neste \u00e2mbito\u201d, destaca o advogado. Ele alegou ainda que tal medida fere o princ\u00edpio de isonomia, da competividade do concurso p\u00fablico, da seguran\u00e7a jur\u00eddica, do interesse social, da publicidade, da efici\u00eancia, da legalidade e diversos outros, j\u00e1 que a prova discursiva tem car\u00e1ter eliminat\u00f3rio e j\u00e1 foi realizada pelos outros candidatos sem que houvesse qualquer intercorr\u00eancia, aguardando, inclusive, o curso de forma\u00e7\u00e3o que teria in\u00edcio em pr\u00f3ximo dia 31.<\/p>\n<p>Com o mandado, a banca examinadora Esaf ter\u00e1 que reconsiderar os resultados na avalia\u00e7\u00e3o do dia 22 de maio, em todo o territ\u00f3rio nacional.<\/p>\n","protected":false},"excerpt":{"rendered":"<p>Candidatos de todo pa\u00eds fariam prova neste domingo. Decis\u00e3o revalida processo aplicado dia 22 de maio A justi\u00e7a suspendeu a reaplica\u00e7\u00e3o da prova da Ag\u00eancia Nacional de Avia\u00e7\u00e3o (Anac) neste domingo (23\/10). A 5\u00aa Vara Federal C\u00edvel da Se\u00e7\u00e3o Judici\u00e1ria do Distrito Federal expediu hoje (19) o mandado de seguran\u00e7a coletivo (processo n\u00ba 1008367-54.2016.4..01.3004) que revalida a prova aplicada no [&hellip;]<\/p>\n","protected":false},"author":27,"featured_media":0,"comment_status":"open","ping_status":"closed","sticky":false,"template":"","format":"standard","meta":{"footnotes":""},"categories":[2719],"tags":[3968,2727,3966,178,3967,3969,3210,260,3071,3970],"class_list":["post-3237","post","type-post","status-publish","format-standard","hentry","category-servidor","tag-anac","tag-banca","tag-cancela","tag-candidatos","tag-discursiva","tag-domingo","tag-esaf","tag-justica","tag-prova","tag-revalida"],"_links":{"self":[{"href":"https:\/\/blogs.correiobraziliense.com.br\/servidor\/wp-json\/wp\/v2\/posts\/3237","targetHints":{"allow":["GET"]}}],"collection":[{"href":"https:\/\/blogs.correiobraziliense.com.br\/servidor\/wp-json\/wp\/v2\/posts"}],"about":[{"href":"https:\/\/blogs.correiobraziliense.com.br\/servidor\/wp-json\/wp\/v2\/types\/post"}],"author":[{"embeddable":true,"href":"https:\/\/blogs.correiobraziliense.com.br\/servidor\/wp-json\/wp\/v2\/users\/27"}],"replies":[{"embeddable":true,"href":"https:\/\/blogs.correiobraziliense.com.br\/servidor\/wp-json\/wp\/v2\/comments?post=3237"}],"version-history":[{"count":1,"href":"https:\/\/blogs.correiobraziliense.com.br\/servidor\/wp-json\/wp\/v2\/posts\/3237\/revisions"}],"predecessor-version":[{"id":3238,"href":"https:\/\/blogs.correiobraziliense.com.br\/servidor\/wp-json\/wp\/v2\/posts\/3237\/revisions\/3238"}],"wp:attachment":[{"href":"https:\/\/blogs.correiobraziliense.com.br\/servidor\/wp-json\/wp\/v2\/media?parent=3237"}],"wp:term":[{"taxonomy":"category","embeddable":true,"href":"https:\/\/blogs.correiobraziliense.com.br\/servidor\/wp-json\/wp\/v2\/categories?post=3237"},{"taxonomy":"post_tag","embeddable":true,"href":"https:\/\/blogs.correiobraziliense.com.br\/servidor\/wp-json\/wp\/v2\/tags?post=3237"}],"curies":[{"name":"wp","href":"https:\/\/api.w.org\/{rel}","templated":true}]}}