{"id":3231,"date":"2016-10-19T14:35:23","date_gmt":"2016-10-19T16:35:23","guid":{"rendered":"https:\/\/blogs.correiobraziliense.com.br\/servidor\/?p=3231"},"modified":"2016-10-19T14:35:23","modified_gmt":"2016-10-19T16:35:23","slug":"corregedoria-do-cnj-faz-correicao-no-ceara-para-apurar-venda-de-sentencas","status":"publish","type":"post","link":"https:\/\/blogs.correiobraziliense.com.br\/servidor\/corregedoria-do-cnj-faz-correicao-no-ceara-para-apurar-venda-de-sentencas\/","title":{"rendered":"Corregedoria do CNJ faz correi\u00e7\u00e3o no Cear\u00e1 para apurar venda de senten\u00e7as"},"content":{"rendered":"<p>A Corregedoria Nacional de Justi\u00e7a vai realizar correi\u00e7\u00e3o nos gabinetes dos desembargadores Francisco Pedrosa Teixeira, Carlos Rodrigues Feitosa e S\u00e9rgia Maria Mendon\u00e7a Miranda, do Tribunal de Justi\u00e7a do Estado do Cear\u00e1 (TJCE). Os trabalhos acontecer\u00e3o nesta quinta-feira (20\/10) e sexta-feira (21\/10) em Fortaleza.<\/p>\n<p>Os trabalhos ser\u00e3o coordenados pelos ju\u00edzes auxiliares da Corregedoria Nacional Carlos Vieira von Adamek, M\u00e1rcio Evangelista Ferreira da Silva, Rui de Almeida Magalh\u00e3es, e pelo Juiz Federal Jorge Gustavo Serra Mac\u00eado Costa, do Tribunal Regional Federal da 1\u00aa Regi\u00e3o (TRF1).<\/p>\n<p>Na Portaria 37\/2016, o corregedor nacional de Justi\u00e7a, ministro Jo\u00e3o Ot\u00e1vio de Noronha, destaca que a correi\u00e7\u00e3o pretende apurar fatos veiculados pela imprensa de suposta venda de senten\u00e7as do Tribunal de Justi\u00e7a do Cear\u00e1.<\/p>\n<p>A correi\u00e7\u00e3o acontecer\u00e1 das 9h \u00e0s 19h e, durante o per\u00edodo da atividade, os trabalhos forenses e os prazos processuais n\u00e3o ser\u00e3o suspensos. Cada gabinete de desembargador dever\u00e1 ter sempre a presen\u00e7a de um servidor para prestar eventuais esclarecimentos.<\/p>\n","protected":false},"excerpt":{"rendered":"<p>A Corregedoria Nacional de Justi\u00e7a vai realizar correi\u00e7\u00e3o nos gabinetes dos desembargadores Francisco Pedrosa Teixeira, Carlos Rodrigues Feitosa e S\u00e9rgia Maria Mendon\u00e7a Miranda, do Tribunal de Justi\u00e7a do Estado do Cear\u00e1 (TJCE). Os trabalhos acontecer\u00e3o nesta quinta-feira (20\/10) e sexta-feira (21\/10) em Fortaleza. Os trabalhos ser\u00e3o coordenados pelos ju\u00edzes auxiliares da Corregedoria Nacional Carlos Vieira von Adamek, M\u00e1rcio Evangelista Ferreira [&hellip;]<\/p>\n","protected":false},"author":27,"featured_media":0,"comment_status":"open","ping_status":"closed","sticky":false,"template":"","format":"standard","meta":{"footnotes":""},"categories":[2719],"tags":[3297,3963,254,2624,3962,3964,149],"class_list":["post-3231","post","type-post","status-publish","format-standard","hentry","category-servidor","tag-apurar","tag-ceara","tag-cnj","tag-corregedoria","tag-correicao","tag-sentencas","tag-venda"],"_links":{"self":[{"href":"https:\/\/blogs.correiobraziliense.com.br\/servidor\/wp-json\/wp\/v2\/posts\/3231","targetHints":{"allow":["GET"]}}],"collection":[{"href":"https:\/\/blogs.correiobraziliense.com.br\/servidor\/wp-json\/wp\/v2\/posts"}],"about":[{"href":"https:\/\/blogs.correiobraziliense.com.br\/servidor\/wp-json\/wp\/v2\/types\/post"}],"author":[{"embeddable":true,"href":"https:\/\/blogs.correiobraziliense.com.br\/servidor\/wp-json\/wp\/v2\/users\/27"}],"replies":[{"embeddable":true,"href":"https:\/\/blogs.correiobraziliense.com.br\/servidor\/wp-json\/wp\/v2\/comments?post=3231"}],"version-history":[{"count":1,"href":"https:\/\/blogs.correiobraziliense.com.br\/servidor\/wp-json\/wp\/v2\/posts\/3231\/revisions"}],"predecessor-version":[{"id":3232,"href":"https:\/\/blogs.correiobraziliense.com.br\/servidor\/wp-json\/wp\/v2\/posts\/3231\/revisions\/3232"}],"wp:attachment":[{"href":"https:\/\/blogs.correiobraziliense.com.br\/servidor\/wp-json\/wp\/v2\/media?parent=3231"}],"wp:term":[{"taxonomy":"category","embeddable":true,"href":"https:\/\/blogs.correiobraziliense.com.br\/servidor\/wp-json\/wp\/v2\/categories?post=3231"},{"taxonomy":"post_tag","embeddable":true,"href":"https:\/\/blogs.correiobraziliense.com.br\/servidor\/wp-json\/wp\/v2\/tags?post=3231"}],"curies":[{"name":"wp","href":"https:\/\/api.w.org\/{rel}","templated":true}]}}