{"id":3208,"date":"2016-10-18T12:34:28","date_gmt":"2016-10-18T14:34:28","guid":{"rendered":"https:\/\/blogs.correiobraziliense.com.br\/servidor\/?p=3208"},"modified":"2016-10-18T12:34:28","modified_gmt":"2016-10-18T14:34:28","slug":"projeto-de-reajustes-de-servidores-da-pf-e-da-prf-pode-ser-votado-hoje","status":"publish","type":"post","link":"https:\/\/blogs.correiobraziliense.com.br\/servidor\/projeto-de-reajustes-de-servidores-da-pf-e-da-prf-pode-ser-votado-hoje\/","title":{"rendered":"Projeto de reajuste de servidores da PF e da PRF pode ser votado hoje"},"content":{"rendered":"<div id=\"conteudoNoticia\">\n<p><em>Funcionalismo est\u00e1 em peso no Congresso. Servidores prometem pressionar parlamentares contra aprova\u00e7\u00e3o de emendas que desfiguram e retardem a tramita\u00e7\u00e3o do texto<\/em><\/p>\n<p>A comiss\u00e3o especial que analisa proposta de reajuste para carreiras de policial federal (delegado; perito criminal; agente, escriv\u00e3o e papiloscopista), policial rodovi\u00e1rio federal, perito federal agr\u00e1rio, perito de desenvolvimento de pol\u00edticas sociais e do plano especial de cargos do Departamento Nacional de Infraestrutura de Transportes (Dnit) (<a href=\"http:\/\/www2.camara.leg.br\/camaranoticias\/noticias\/ADMINISTRACAO-PUBLICA\/517864-PROJETO-PREVE-AUMENTO-PARA-POLICIAIS-FEDERAIS,-PERITOS-AGRARIOS-E-OUTRAS-CARREIRAS-DO-EXECUTIVO.html\" target=\"_blank\">PL 5865\/16<\/a>) est\u00e1 reunida hoje para discutir e votar o parecer do relator, deputado Laerte Bessa (PR-DF).<\/p>\n<p>O texto foi enviado em junho pelo Poder Executivo. Define o percentual de reajuste salarial e estabelece regras de incorpora\u00e7\u00e3o de gratifica\u00e7\u00e3o de desempenho a aposentadorias e pens\u00f5es. A previs\u00e3o \u00e9 de que os reajustes, que ultrapassam os 37%, sejam pagos em tr\u00eas parcelas at\u00e9 2019. Para os delegados, o sal\u00e1rio no topo da carreira, que hoje \u00e9 de R$ 22.805,00 passar\u00e1 a ser de R$ 30.936,91. Para o policial rodovi\u00e1rio federal, a remunera\u00e7\u00e3o, de R$ 12.206,09 no final da carreira, chegar\u00e1 a R$ 16.552,34 em 2019.<\/p>\n<p>De acordo com o governo, o custo da recomposi\u00e7\u00e3o remunerat\u00f3ria das carreiras ter\u00e1 impacto de mais de R$ 2 bilh\u00f5es em 2017 (R$ 2.010.400.498,00), mais de R$ 500 milh\u00f5es em 2018 (R$ 548.206.868,00) e mais de R$ 500 milh\u00f5es em 2019 (R$ 546.660.923,00).<\/p>\n<p>O debate \u00e9 a partir das 12 horas, no plen\u00e1rio 13.<\/p>\n<\/div>\n","protected":false},"excerpt":{"rendered":"<p>Funcionalismo est\u00e1 em peso no Congresso. Servidores prometem pressionar parlamentares contra aprova\u00e7\u00e3o de emendas que desfiguram e retardem a tramita\u00e7\u00e3o do texto A comiss\u00e3o especial que analisa proposta de reajuste para carreiras de policial federal (delegado; perito criminal; agente, escriv\u00e3o e papiloscopista), policial rodovi\u00e1rio federal, perito federal agr\u00e1rio, perito de desenvolvimento de pol\u00edticas sociais e do plano especial de cargos [&hellip;]<\/p>\n","protected":false},"author":27,"featured_media":0,"comment_status":"open","ping_status":"closed","sticky":false,"template":"","format":"standard","meta":{"footnotes":""},"categories":[2719],"tags":[55,1150,1069,3945,841,101,63,3946,3169,1498],"class_list":["post-3208","post","type-post","status-publish","format-standard","hentry","category-servidor","tag-carreiras","tag-comissao","tag-parecer","tag-pr","tag-prf","tag-projeto","tag-reajuste","tag-reajuste-salarial","tag-relator","tag-votacao"],"_links":{"self":[{"href":"https:\/\/blogs.correiobraziliense.com.br\/servidor\/wp-json\/wp\/v2\/posts\/3208","targetHints":{"allow":["GET"]}}],"collection":[{"href":"https:\/\/blogs.correiobraziliense.com.br\/servidor\/wp-json\/wp\/v2\/posts"}],"about":[{"href":"https:\/\/blogs.correiobraziliense.com.br\/servidor\/wp-json\/wp\/v2\/types\/post"}],"author":[{"embeddable":true,"href":"https:\/\/blogs.correiobraziliense.com.br\/servidor\/wp-json\/wp\/v2\/users\/27"}],"replies":[{"embeddable":true,"href":"https:\/\/blogs.correiobraziliense.com.br\/servidor\/wp-json\/wp\/v2\/comments?post=3208"}],"version-history":[{"count":1,"href":"https:\/\/blogs.correiobraziliense.com.br\/servidor\/wp-json\/wp\/v2\/posts\/3208\/revisions"}],"predecessor-version":[{"id":3209,"href":"https:\/\/blogs.correiobraziliense.com.br\/servidor\/wp-json\/wp\/v2\/posts\/3208\/revisions\/3209"}],"wp:attachment":[{"href":"https:\/\/blogs.correiobraziliense.com.br\/servidor\/wp-json\/wp\/v2\/media?parent=3208"}],"wp:term":[{"taxonomy":"category","embeddable":true,"href":"https:\/\/blogs.correiobraziliense.com.br\/servidor\/wp-json\/wp\/v2\/categories?post=3208"},{"taxonomy":"post_tag","embeddable":true,"href":"https:\/\/blogs.correiobraziliense.com.br\/servidor\/wp-json\/wp\/v2\/tags?post=3208"}],"curies":[{"name":"wp","href":"https:\/\/api.w.org\/{rel}","templated":true}]}}