{"id":3206,"date":"2016-10-17T19:28:38","date_gmt":"2016-10-17T21:28:38","guid":{"rendered":"https:\/\/blogs.correiobraziliense.com.br\/servidor\/?p=3206"},"modified":"2016-10-17T19:28:38","modified_gmt":"2016-10-17T21:28:38","slug":"icmc-seleciona-professor-temporario-na-area-de-matematica-aplicada-e-estatistica","status":"publish","type":"post","link":"https:\/\/blogs.correiobraziliense.com.br\/servidor\/icmc-seleciona-professor-temporario-na-area-de-matematica-aplicada-e-estatistica\/","title":{"rendered":"ICMC seleciona professor tempor\u00e1rio na \u00e1rea de Matem\u00e1tica Aplicada e Estat\u00edstica"},"content":{"rendered":"<div>\n<p><span style=\"font-size: 10pt;color: #000000\">Est\u00e3o abertas, at\u00e9 o dia 21 de outubro, as inscri\u00e7\u00f5es do processo seletivo para contrata\u00e7\u00e3o de um docente tempor\u00e1rio para o Instituto de Ci\u00eancias Matem\u00e1ticas e de Computa\u00e7\u00e3o (ICMC) da USP, em S\u00e3o Carlos. O selecionado atuar\u00e1 no Departamento de Matem\u00e1tica Aplicada e Estat\u00edstica (SME) do Instituto, ser\u00e1 nomeado como Professor Contratado N\u00edvel III (Doutor), ter\u00e1 jornada de 12 horas semanais e sal\u00e1rio de R$ 1.849,66.<\/span><\/p>\n<\/div>\n<div>\n<div>\n<p><span style=\"font-size: 10pt;color: #000000\">As inscri\u00e7\u00f5es podem ser realizadas presencialmente ou por procura\u00e7\u00e3o na Assist\u00eancia Acad\u00eamica do ICMC, que fica na avenida Trabalhador S\u00e3o-carlense, 400, no campus da USP em S\u00e3o Carlos, no Estado de S\u00e3o Paulo. A sele\u00e7\u00e3o ser\u00e1 realizada por meio de uma prova did\u00e1tica e outra escrita. O contrato ter\u00e1 dura\u00e7\u00e3o at\u00e9 31 de julho de 2017, mas poder\u00e1 ser prorrogado. Para mais detalhes sobre prazos, documenta\u00e7\u00e3o, crit\u00e9rios de sele\u00e7\u00e3o e demais informa\u00e7\u00f5es, acesse o edital completo:\u00a0<span style=\"text-decoration: underline\"><a style=\"text-decoration: underline;color: #0000ff\" title=\"blocked::http:\/\/www.icmc.usp.br\/e\/b4958\" href=\"http:\/\/www.icmc.usp.br\/e\/b4958\" target=\"_blank\">icmc.usp.br\/e\/b4958<\/a><\/span>.<\/span><\/p>\n<\/div>\n<\/div>\n<div>\n<p><strong>Mais informa\u00e7\u00f5es<\/strong><\/p>\n<\/div>\n<p>Edital:\u00a0<span style=\"text-decoration: underline\"><a style=\"text-decoration: underline;color: #0000ff\" title=\"blocked::http:\/\/www.icmc.usp.br\/e\/b4958\" href=\"http:\/\/www.icmc.usp.br\/e\/b4958\" target=\"_blank\">icmc.usp.br\/e\/b4958<\/a><\/span><a title=\"blocked::http:\/\/icmc.usp.br\/e\/65eb7\" href=\"http:\/\/icmc.usp.br\/e\/65eb7\" target=\"_blank\"><br title=\"blocked::http:\/\/icmc.usp.br\/e\/65eb7\" \/><\/a>Assist\u00eancia Acad\u00eamica do ICMC: (16) 3373-8163<br \/>\nE-mail: <a style=\"color: #000000\">sacadem@icmc.usp.br<\/a><\/p>\n","protected":false},"excerpt":{"rendered":"<p>Est\u00e3o abertas, at\u00e9 o dia 21 de outubro, as inscri\u00e7\u00f5es do processo seletivo para contrata\u00e7\u00e3o de um docente tempor\u00e1rio para o Instituto de Ci\u00eancias Matem\u00e1ticas e de Computa\u00e7\u00e3o (ICMC) da USP, em S\u00e3o Carlos. O selecionado atuar\u00e1 no Departamento de Matem\u00e1tica Aplicada e Estat\u00edstica (SME) do Instituto, ser\u00e1 nomeado como Professor Contratado N\u00edvel III (Doutor), ter\u00e1 jornada de 12 horas [&hellip;]<\/p>\n","protected":false},"author":27,"featured_media":0,"comment_status":"open","ping_status":"closed","sticky":false,"template":"","format":"standard","meta":{"footnotes":""},"categories":[2719],"tags":[3942,745,3944,3943,2978,2980,2784,3941],"class_list":["post-3206","post","type-post","status-publish","format-standard","hentry","category-servidor","tag-aplicada","tag-contrato","tag-doutor","tag-estatistica","tag-icmc","tag-matematica","tag-temporario","tag-usp-professor"],"_links":{"self":[{"href":"https:\/\/blogs.correiobraziliense.com.br\/servidor\/wp-json\/wp\/v2\/posts\/3206","targetHints":{"allow":["GET"]}}],"collection":[{"href":"https:\/\/blogs.correiobraziliense.com.br\/servidor\/wp-json\/wp\/v2\/posts"}],"about":[{"href":"https:\/\/blogs.correiobraziliense.com.br\/servidor\/wp-json\/wp\/v2\/types\/post"}],"author":[{"embeddable":true,"href":"https:\/\/blogs.correiobraziliense.com.br\/servidor\/wp-json\/wp\/v2\/users\/27"}],"replies":[{"embeddable":true,"href":"https:\/\/blogs.correiobraziliense.com.br\/servidor\/wp-json\/wp\/v2\/comments?post=3206"}],"version-history":[{"count":1,"href":"https:\/\/blogs.correiobraziliense.com.br\/servidor\/wp-json\/wp\/v2\/posts\/3206\/revisions"}],"predecessor-version":[{"id":3207,"href":"https:\/\/blogs.correiobraziliense.com.br\/servidor\/wp-json\/wp\/v2\/posts\/3206\/revisions\/3207"}],"wp:attachment":[{"href":"https:\/\/blogs.correiobraziliense.com.br\/servidor\/wp-json\/wp\/v2\/media?parent=3206"}],"wp:term":[{"taxonomy":"category","embeddable":true,"href":"https:\/\/blogs.correiobraziliense.com.br\/servidor\/wp-json\/wp\/v2\/categories?post=3206"},{"taxonomy":"post_tag","embeddable":true,"href":"https:\/\/blogs.correiobraziliense.com.br\/servidor\/wp-json\/wp\/v2\/tags?post=3206"}],"curies":[{"name":"wp","href":"https:\/\/api.w.org\/{rel}","templated":true}]}}