{"id":3204,"date":"2016-10-17T17:22:21","date_gmt":"2016-10-17T19:22:21","guid":{"rendered":"https:\/\/blogs.correiobraziliense.com.br\/servidor\/?p=3204"},"modified":"2016-10-17T17:22:21","modified_gmt":"2016-10-17T19:22:21","slug":"centrais-sindicais-farao-amanha-ato-contra-juros","status":"publish","type":"post","link":"https:\/\/blogs.correiobraziliense.com.br\/servidor\/centrais-sindicais-farao-amanha-ato-contra-juros\/","title":{"rendered":"Centrais sindicais far\u00e3o amanh\u00e3 ato contra juros"},"content":{"rendered":"<p><em>As centrais sindicais For\u00e7a Sindical, CUT, UGT, CSB, NCST e CTB realizar\u00e3o amanh\u00e3 (dia 18), \u00e0s 10 horas, um ato contra os juros altos em frente \u00e0 sede do Banco Central na Avenida Paulista, 1.804, em S\u00e3o Paulo<\/em><\/p>\n<p>A manifesta\u00e7\u00e3o ser\u00e1 no dia que o Comit\u00ea de Pol\u00edtica Monet\u00e1ria (Copom) come\u00e7a definir a nova taxa Taxa B\u00e1sica de Juros (Selic). Hoje, a taxa b\u00e1sica est\u00e1 em 14,25%.<\/p>\n<p>\u201cN\u00e3o tem cabimento manter os juros em patamares estratosf\u00e9ricos quando a economia nacional atravessa uma severa recess\u00e3o, com empresas fechando e o desemprego assustando a todos\u201d, alerta Paulo Pereira da Silva, Paulinho, presidente da For\u00e7a Sindical.<\/p>\n<p><u><b>AGENDA: Protesto contra os juros altos<\/b><\/u><\/p>\n<p><b>Data:<\/b> ter\u00e7a-feira, dia 18<br \/>\n<b>Hor\u00e1rio: <\/b>10 horas<br \/>\n<b>Local:<\/b> em frente ao Banco Central<br \/>\n<b>Endere\u00e7o:<\/b> Avenida Paulista, n\u00ba 1.804 &#8211; S\u00e3o Paulo<\/p>\n","protected":false},"excerpt":{"rendered":"<p>As centrais sindicais For\u00e7a Sindical, CUT, UGT, CSB, NCST e CTB realizar\u00e3o amanh\u00e3 (dia 18), \u00e0s 10 horas, um ato contra os juros altos em frente \u00e0 sede do Banco Central na Avenida Paulista, 1.804, em S\u00e3o Paulo A manifesta\u00e7\u00e3o ser\u00e1 no dia que o Comit\u00ea de Pol\u00edtica Monet\u00e1ria (Copom) come\u00e7a definir a nova taxa Taxa B\u00e1sica de Juros (Selic). [&hellip;]<\/p>\n","protected":false},"author":27,"featured_media":0,"comment_status":"open","ping_status":"closed","sticky":false,"template":"","format":"standard","meta":{"footnotes":""},"categories":[2719],"tags":[21,1236,1259,1104,1102,1953,1260],"class_list":["post-3204","post","type-post","status-publish","format-standard","hentry","category-servidor","tag-ato","tag-banco-central","tag-centrais","tag-copom","tag-juros","tag-selic","tag-sindicais"],"_links":{"self":[{"href":"https:\/\/blogs.correiobraziliense.com.br\/servidor\/wp-json\/wp\/v2\/posts\/3204","targetHints":{"allow":["GET"]}}],"collection":[{"href":"https:\/\/blogs.correiobraziliense.com.br\/servidor\/wp-json\/wp\/v2\/posts"}],"about":[{"href":"https:\/\/blogs.correiobraziliense.com.br\/servidor\/wp-json\/wp\/v2\/types\/post"}],"author":[{"embeddable":true,"href":"https:\/\/blogs.correiobraziliense.com.br\/servidor\/wp-json\/wp\/v2\/users\/27"}],"replies":[{"embeddable":true,"href":"https:\/\/blogs.correiobraziliense.com.br\/servidor\/wp-json\/wp\/v2\/comments?post=3204"}],"version-history":[{"count":1,"href":"https:\/\/blogs.correiobraziliense.com.br\/servidor\/wp-json\/wp\/v2\/posts\/3204\/revisions"}],"predecessor-version":[{"id":3205,"href":"https:\/\/blogs.correiobraziliense.com.br\/servidor\/wp-json\/wp\/v2\/posts\/3204\/revisions\/3205"}],"wp:attachment":[{"href":"https:\/\/blogs.correiobraziliense.com.br\/servidor\/wp-json\/wp\/v2\/media?parent=3204"}],"wp:term":[{"taxonomy":"category","embeddable":true,"href":"https:\/\/blogs.correiobraziliense.com.br\/servidor\/wp-json\/wp\/v2\/categories?post=3204"},{"taxonomy":"post_tag","embeddable":true,"href":"https:\/\/blogs.correiobraziliense.com.br\/servidor\/wp-json\/wp\/v2\/tags?post=3204"}],"curies":[{"name":"wp","href":"https:\/\/api.w.org\/{rel}","templated":true}]}}