{"id":3202,"date":"2016-10-17T16:59:46","date_gmt":"2016-10-17T18:59:46","guid":{"rendered":"https:\/\/blogs.correiobraziliense.com.br\/servidor\/?p=3202"},"modified":"2016-10-17T16:59:46","modified_gmt":"2016-10-17T18:59:46","slug":"nova-vitoria-da-anasps-contra-geap","status":"publish","type":"post","link":"https:\/\/blogs.correiobraziliense.com.br\/servidor\/nova-vitoria-da-anasps-contra-geap\/","title":{"rendered":"Nova vit\u00f3ria da Anasps contra a Geap"},"content":{"rendered":"<p><em>Decis\u00e3o da Justi\u00e7a Federal em Bras\u00edlia suspende o reajuste da Geap, maior operadora de planos de sa\u00fade, para os associados inclu\u00eddos na 2\u00ba a\u00e7\u00e3o judicial.<\/em><\/p>\n<p>O juiz da 4\u00aa vara da se\u00e7\u00e3o judici\u00e1ria federal, reformou o entendimento anterior para firmar a compet\u00eancia da Justi\u00e7a Federal, para julgar a a\u00e7\u00e3o e reconhecer o interesse e a legitimidade da Uni\u00e3o, na segunda a\u00e7\u00e3o judicial movida pela Anasps contra o aumento de 37,55% do plano de sa\u00fade.<\/p>\n<p>Ademais, determinou a imediata suspens\u00e3o do reajuste at\u00e9 a decis\u00e3o posterior por considerar que, &#8220;no caso, h\u00e1 grande probabilidade do reajuste implementado pela operadora em quest\u00e3o, acabar por inviabilizar a perman\u00eancia de in\u00fameros segurados, que, aparentemente, pode caracterizar um reajuste abusivo. Al\u00e9m disso, merece destaque a informa\u00e7\u00e3o trazida pela autora consubstanciada<br \/>\nno fato de que apenas a contribui\u00e7\u00e3o paga pelos segurados foi reajustada em \u00edndices t\u00e3o elevados enquanto a cota custeada pela Administra\u00e7\u00e3o sofreu um aumento bem inferior&#8221;.<\/p>\n<p>A decis\u00e3o beneficia os associados da Anasps na segunda a\u00e7\u00e3o, que n\u00e3o pagar\u00e3o o aumento de mais de 37,55% imposto pelo Conselho de Administra\u00e7\u00e3o da Geap, o qual inclusive j\u00e1 foi notificado da determina\u00e7\u00e3o judicial, devendo cumpri-la imediatamente.<\/p>\n<p>Quanto ao Primeiro Grupo, permanece a decis\u00e3o da 22\u00aa Vara Federal da Se\u00e7\u00e3o Judici\u00e1ria do Distrito Federal, que limitou o reajuste do plano de sa\u00fade em 20%, informou a Anasps.<\/p>\n","protected":false},"excerpt":{"rendered":"<p>Decis\u00e3o da Justi\u00e7a Federal em Bras\u00edlia suspende o reajuste da Geap, maior operadora de planos de sa\u00fade, para os associados inclu\u00eddos na 2\u00ba a\u00e7\u00e3o judicial. O juiz da 4\u00aa vara da se\u00e7\u00e3o judici\u00e1ria federal, reformou o entendimento anterior para firmar a compet\u00eancia da Justi\u00e7a Federal, para julgar a a\u00e7\u00e3o e reconhecer o interesse e a legitimidade da Uni\u00e3o, na segunda [&hellip;]<\/p>\n","protected":false},"author":27,"featured_media":0,"comment_status":"open","ping_status":"closed","sticky":false,"template":"","format":"standard","meta":{"footnotes":""},"categories":[2719],"tags":[337,177,3940,76,3654,63,3939,522,939],"class_list":["post-3202","post","type-post","status-publish","format-standard","hentry","category-servidor","tag-anasps","tag-contra","tag-elevados","tag-geap","tag-indices","tag-reajuste","tag-segunda-acao","tag-segurados","tag-vitoria"],"_links":{"self":[{"href":"https:\/\/blogs.correiobraziliense.com.br\/servidor\/wp-json\/wp\/v2\/posts\/3202","targetHints":{"allow":["GET"]}}],"collection":[{"href":"https:\/\/blogs.correiobraziliense.com.br\/servidor\/wp-json\/wp\/v2\/posts"}],"about":[{"href":"https:\/\/blogs.correiobraziliense.com.br\/servidor\/wp-json\/wp\/v2\/types\/post"}],"author":[{"embeddable":true,"href":"https:\/\/blogs.correiobraziliense.com.br\/servidor\/wp-json\/wp\/v2\/users\/27"}],"replies":[{"embeddable":true,"href":"https:\/\/blogs.correiobraziliense.com.br\/servidor\/wp-json\/wp\/v2\/comments?post=3202"}],"version-history":[{"count":1,"href":"https:\/\/blogs.correiobraziliense.com.br\/servidor\/wp-json\/wp\/v2\/posts\/3202\/revisions"}],"predecessor-version":[{"id":3203,"href":"https:\/\/blogs.correiobraziliense.com.br\/servidor\/wp-json\/wp\/v2\/posts\/3202\/revisions\/3203"}],"wp:attachment":[{"href":"https:\/\/blogs.correiobraziliense.com.br\/servidor\/wp-json\/wp\/v2\/media?parent=3202"}],"wp:term":[{"taxonomy":"category","embeddable":true,"href":"https:\/\/blogs.correiobraziliense.com.br\/servidor\/wp-json\/wp\/v2\/categories?post=3202"},{"taxonomy":"post_tag","embeddable":true,"href":"https:\/\/blogs.correiobraziliense.com.br\/servidor\/wp-json\/wp\/v2\/tags?post=3202"}],"curies":[{"name":"wp","href":"https:\/\/api.w.org\/{rel}","templated":true}]}}