{"id":3194,"date":"2016-10-17T13:21:29","date_gmt":"2016-10-17T15:21:29","guid":{"rendered":"https:\/\/blogs.correiobraziliense.com.br\/servidor\/?p=3194"},"modified":"2016-10-17T13:21:29","modified_gmt":"2016-10-17T15:21:29","slug":"auditores-da-receita-federal-farao-mais-um-ato-hoje-em-brasilia","status":"publish","type":"post","link":"https:\/\/blogs.correiobraziliense.com.br\/servidor\/auditores-da-receita-federal-farao-mais-um-ato-hoje-em-brasilia\/","title":{"rendered":"Auditores da Receita Federal amea\u00e7am fazer mais um ato de protesto, hoje, em Bras\u00edlia"},"content":{"rendered":"<p><em>Informa\u00e7\u00f5es de profissionais que trabalham na Capital, ainda n\u00e3o confirmadas pela diretoria nacional do sindicato da classe (Sindifisco Nacional), garantem que, a partir das 15 horas, haver\u00e1 uma manifesta\u00e7\u00e3o no hall do Minist\u00e9rio da Fazenda, contra as mudan\u00e7as no projeto (5864\/16) de reajuste salarial, que tramita no Congresso &#8211; ampliou os poderes dos analistas tribut\u00e1rios (cargo de apoio).<\/em><\/p>\n<p>Os auditores alegam que o relator do projeto, na comiss\u00e3o especial que estuda a mat\u00e9ria, deputado Wellington Roberto, abriu espa\u00e7o para um &#8220;trem da alegria&#8221;, que vai &#8220;implodir a Receita e o ajuste fiscal&#8221;. De acordo com os sindicalistas, o pr\u00f3ximo passo dos analistas ser\u00e1 pedir equipara\u00e7\u00e3o salarial com os auditores, \u00fanica autoridade dentro do \u00f3rg\u00e3o. Na quinta-feira passada (13 de outubro), em reuni\u00e3o com o subsecret\u00e1rio de fiscaliza\u00e7\u00e3o, I\u00e1garo Martins (na qual participaram Juliano Brito da Justa Neves e Carlos Roberto Occaso), os auditores destacaram v\u00e1rios pontos:<\/p>\n<p>1. A RFB se sente enganada pelo relator. Ele esteve em reuni\u00f5es diversas com o secret\u00e1rio e jamais ventilou um PL naqueles termos. Ao contr\u00e1rio, sempre sugeria apenas pequenas altera\u00e7\u00f5es.<\/p>\n<p>2. Foi garantido aos auditores que o pr\u00f3prio ministro da Fazenda ir\u00e1 acompanhar e interceder esse assunto, buscando o PL original.<\/p>\n<p>Entre as quest\u00f5es de indigna\u00e7\u00e3o ou descontentamento, ou cobran\u00e7a de postura, v\u00e1rios profissionais, naquele momento, deixaram claro que era \u00f3bvio que a RFB seria enganada. E que s\u00f3 n\u00e3o viu isso quem n\u00e3o quis &#8211; no caso, se referindo ao secret\u00e1rio da Receita, Jorge Rachid.<\/p>\n<p>Questionaram o suposto empenho do Rachid na aprova\u00e7\u00e3o do PL. &#8220;E, claro, alguns lembraram que, quando o governo quer, ele consegue. E que faltou empenho de A a Z. O trio, todavia, tem confian\u00e7a da revers\u00e3o desse quadro &#8211; quer seja jogando esse relat\u00f3rio fora e apresentando outro; quer seja fazendo aditivos e votos separados; quer seja at\u00e9 no Senado&#8221;, informou o auditor.<\/p>\n<p>&#8220;Alguns colegas lembraram ao trio de que o melhor, na verdade, era nem ter chegado aqui. Que se houvesse aten\u00e7\u00e3o ao PL no in\u00edcio, isso poderia ter sido resolvido com muito menos desgaste.<br \/>\nOutros colegas ressaltaram que a RFB fez quest\u00e3o de ficar em cima do muro, com uma pol\u00edtica de &#8220;deixa que eu resolvo&#8221; e que, no fim, levou uma facada nas costas&#8221;, contou.<\/p>\n<p>Outros tamb\u00e9m cobraram mais que uma postura firme e direta no caso. &#8220;O fim do &#8220;coitadismo&#8221;. Querem que a casa passe a tratar o auditor como auditor &#8211; e lembraram at\u00e9 que todos merecem ser valorizados. Mas que a Casa tem sido omissa ao jogar todo mundo no mesmo saco, sem diferenciar quem \u00e9 quem. E inclusive refor\u00e7aram: a RFB precisa passar a tratar o auditor como autoridade, sem vergonha ou medo de afrontar ningu\u00e9m, especialmente os analistas. Afinal, medo de que?&#8221;, questionou<\/p>\n<p>O profissional, ao se referir a Rachid, lembrou que &#8220;existe a op\u00e7\u00e3o, que n\u00e3o \u00e9 vergonha ou dem\u00e9rito, de deixar o cargo&#8221;. &#8220;Se ele tivesse enfrentado a situa\u00e7\u00e3o logo de in\u00edcio, colocando os analistas em seu respectivo lugar, nada disso teria acontecido e o desgaste teria sido muito, mas muito menor do que foi at\u00e9 hoje e ainda ser\u00e1&#8221; . Nesse sentido, Rachid est\u00e1 sendo cobrado at\u00e9 pelos colegas da c\u00fapula.<\/p>\n<p>Indignados, os auditores deixaram claro que &#8220;hoje n\u00e3o existe escolha pac\u00edfica: A c\u00fapula vai ter que descer do muro e se ela escolher ir contra os auditores, ir\u00e1 contra o cora\u00e7\u00e3o motor, alma e corpo da RFB &#8211; o auditor. E que, portanto, \u00e9 hora de causar enfrentamento em perspectiva do bom funcionamento substancial da casa&#8221;.<\/p>\n<p>&#8220;Os pr\u00f3prios subsecret\u00e1rios disseram que est\u00e3o desmotivados, e que os colegas que trabalham com ele, idem&#8221;, destacou.<\/p>\n","protected":false},"excerpt":{"rendered":"<p>Informa\u00e7\u00f5es de profissionais que trabalham na Capital, ainda n\u00e3o confirmadas pela diretoria nacional do sindicato da classe (Sindifisco Nacional), garantem que, a partir das 15 horas, haver\u00e1 uma manifesta\u00e7\u00e3o no hall do Minist\u00e9rio da Fazenda, contra as mudan\u00e7as no projeto (5864\/16) de reajuste salarial, que tramita no Congresso &#8211; ampliou os poderes dos analistas tribut\u00e1rios (cargo de apoio). Os auditores [&hellip;]<\/p>\n","protected":false},"author":27,"featured_media":0,"comment_status":"open","ping_status":"closed","sticky":false,"template":"","format":"standard","meta":{"footnotes":""},"categories":[2719],"tags":[3921,2854,511,21,31,867,100,3054,810,718,63,461,18,3920],"class_list":["post-3194","post","type-post","status-publish","format-standard","hentry","category-servidor","tag-alegria","tag-amecam","tag-analistas-tributarios","tag-ato","tag-auditores","tag-brasilia","tag-congresso","tag-jorge-rachid","tag-ministerio-da-fazenda","tag-protesto","tag-reajuste","tag-receita","tag-salarial","tag-trem"],"_links":{"self":[{"href":"https:\/\/blogs.correiobraziliense.com.br\/servidor\/wp-json\/wp\/v2\/posts\/3194","targetHints":{"allow":["GET"]}}],"collection":[{"href":"https:\/\/blogs.correiobraziliense.com.br\/servidor\/wp-json\/wp\/v2\/posts"}],"about":[{"href":"https:\/\/blogs.correiobraziliense.com.br\/servidor\/wp-json\/wp\/v2\/types\/post"}],"author":[{"embeddable":true,"href":"https:\/\/blogs.correiobraziliense.com.br\/servidor\/wp-json\/wp\/v2\/users\/27"}],"replies":[{"embeddable":true,"href":"https:\/\/blogs.correiobraziliense.com.br\/servidor\/wp-json\/wp\/v2\/comments?post=3194"}],"version-history":[{"count":1,"href":"https:\/\/blogs.correiobraziliense.com.br\/servidor\/wp-json\/wp\/v2\/posts\/3194\/revisions"}],"predecessor-version":[{"id":3195,"href":"https:\/\/blogs.correiobraziliense.com.br\/servidor\/wp-json\/wp\/v2\/posts\/3194\/revisions\/3195"}],"wp:attachment":[{"href":"https:\/\/blogs.correiobraziliense.com.br\/servidor\/wp-json\/wp\/v2\/media?parent=3194"}],"wp:term":[{"taxonomy":"category","embeddable":true,"href":"https:\/\/blogs.correiobraziliense.com.br\/servidor\/wp-json\/wp\/v2\/categories?post=3194"},{"taxonomy":"post_tag","embeddable":true,"href":"https:\/\/blogs.correiobraziliense.com.br\/servidor\/wp-json\/wp\/v2\/tags?post=3194"}],"curies":[{"name":"wp","href":"https:\/\/api.w.org\/{rel}","templated":true}]}}