{"id":3192,"date":"2016-10-17T12:14:11","date_gmt":"2016-10-17T14:14:11","guid":{"rendered":"https:\/\/blogs.correiobraziliense.com.br\/servidor\/?p=3192"},"modified":"2016-10-17T12:14:11","modified_gmt":"2016-10-17T14:14:11","slug":"analistas-tributarios-intensificam-paralisacao-nacional-18-19-e-20-de-outubro","status":"publish","type":"post","link":"https:\/\/blogs.correiobraziliense.com.br\/servidor\/analistas-tributarios-intensificam-paralisacao-nacional-18-19-e-20-de-outubro\/","title":{"rendered":"Analistas-tribut\u00e1rios da Receita intensificam paralisa\u00e7\u00e3o nacional 18, 19 e 20 de outubro"},"content":{"rendered":"<p>Os analistas-tribut\u00e1rios da Receita Federal refor\u00e7am nesta semana, 18, 19 e 20 de outubro, a paralisa\u00e7\u00e3o da categoria pela corre\u00e7\u00e3o da pauta n\u00e3o remunerat\u00f3ria (PNR) do Projeto de Lei n\u00ba 5.864\/2016, que disp\u00f5e sobre a carreira tribut\u00e1ria e aduaneira<\/p>\n<p>De acordo com o sindicato da categoria (Sindireceita), ap\u00f3s intenso trabalho com os parlamentares na C\u00e2mara dos Deputados, em reuni\u00e3o deliberativa da Comiss\u00e3o Especial do PL 5.864\/2016, dia 11 de outubro, a classe refor\u00e7a nesta semana, 18, 19 e 20 de outubro, a paralisa\u00e7\u00e3o pela corre\u00e7\u00e3o da PNR, confirmada pela Assembleia Geral Nacional Unificada (AGNU), em 30 de agosto a 1\u00ba de setembro.<\/p>\n<p>A Diretoria Executiva Nacional (DEN) do Sindireceita conclama as bases &#8220;tendo em vista que existe a possibilidade de vota\u00e7\u00e3o do texto nesta quarta-feira, dia 19, ap\u00f3s o prazo de apresenta\u00e7\u00e3o das novas emendas dos parlamentares, at\u00e9 ter\u00e7a-feira, dia 18&#8221;, destaca a nota.<\/p>\n","protected":false},"excerpt":{"rendered":"<p>Os analistas-tribut\u00e1rios da Receita Federal refor\u00e7am nesta semana, 18, 19 e 20 de outubro, a paralisa\u00e7\u00e3o da categoria pela corre\u00e7\u00e3o da pauta n\u00e3o remunerat\u00f3ria (PNR) do Projeto de Lei n\u00ba 5.864\/2016, que disp\u00f5e sobre a carreira tribut\u00e1ria e aduaneira De acordo com o sindicato da categoria (Sindireceita), ap\u00f3s intenso trabalho com os parlamentares na C\u00e2mara dos Deputados, em reuni\u00e3o deliberativa [&hellip;]<\/p>\n","protected":false},"author":27,"featured_media":0,"comment_status":"open","ping_status":"closed","sticky":false,"template":"","format":"standard","meta":{"footnotes":""},"categories":[2719],"tags":[3932,511,188,759,757,70,506,3821,3931,459,1307],"class_list":["post-3192","post","type-post","status-publish","format-standard","hentry","category-servidor","tag-aduaneira","tag-analistas-tributarios","tag-carreira","tag-correcao","tag-intensificam","tag-nacional","tag-paralisacao","tag-pl-5-8642016","tag-pnr","tag-sindireceita","tag-tributaria"],"_links":{"self":[{"href":"https:\/\/blogs.correiobraziliense.com.br\/servidor\/wp-json\/wp\/v2\/posts\/3192","targetHints":{"allow":["GET"]}}],"collection":[{"href":"https:\/\/blogs.correiobraziliense.com.br\/servidor\/wp-json\/wp\/v2\/posts"}],"about":[{"href":"https:\/\/blogs.correiobraziliense.com.br\/servidor\/wp-json\/wp\/v2\/types\/post"}],"author":[{"embeddable":true,"href":"https:\/\/blogs.correiobraziliense.com.br\/servidor\/wp-json\/wp\/v2\/users\/27"}],"replies":[{"embeddable":true,"href":"https:\/\/blogs.correiobraziliense.com.br\/servidor\/wp-json\/wp\/v2\/comments?post=3192"}],"version-history":[{"count":1,"href":"https:\/\/blogs.correiobraziliense.com.br\/servidor\/wp-json\/wp\/v2\/posts\/3192\/revisions"}],"predecessor-version":[{"id":3193,"href":"https:\/\/blogs.correiobraziliense.com.br\/servidor\/wp-json\/wp\/v2\/posts\/3192\/revisions\/3193"}],"wp:attachment":[{"href":"https:\/\/blogs.correiobraziliense.com.br\/servidor\/wp-json\/wp\/v2\/media?parent=3192"}],"wp:term":[{"taxonomy":"category","embeddable":true,"href":"https:\/\/blogs.correiobraziliense.com.br\/servidor\/wp-json\/wp\/v2\/categories?post=3192"},{"taxonomy":"post_tag","embeddable":true,"href":"https:\/\/blogs.correiobraziliense.com.br\/servidor\/wp-json\/wp\/v2\/tags?post=3192"}],"curies":[{"name":"wp","href":"https:\/\/api.w.org\/{rel}","templated":true}]}}