{"id":3177,"date":"2016-10-14T11:53:39","date_gmt":"2016-10-14T14:53:39","guid":{"rendered":"https:\/\/blogs.correiobraziliense.com.br\/servidor\/?p=3177"},"modified":"2016-10-14T11:53:39","modified_gmt":"2016-10-14T14:53:39","slug":"petrobras-anuncia-nova-politica-de-precos-de-diesel-e-gasolina","status":"publish","type":"post","link":"https:\/\/blogs.correiobraziliense.com.br\/servidor\/petrobras-anuncia-nova-politica-de-precos-de-diesel-e-gasolina\/","title":{"rendered":"Petrobras anuncia nova pol\u00edtica de pre\u00e7os de diesel e gasolina"},"content":{"rendered":"<p><em><span style=\"font-family: Arial;font-size: small\">A Petrobras adotar\u00e1 a partir de amanh\u00e3 uma nova pol\u00edtica de pre\u00e7os para a gasolina e o diesel comercializados em suas refinarias. <span style=\"font-family: Arial;font-size: small\">A primeira avalia\u00e7\u00e3o indicou a necessidade reduzir o diesel em 2,7% e a gasolina em 3,2% na refinaria. Esses pre\u00e7os entrar\u00e3o em vigor para vendas a partir de zero hora de s\u00e1bado (15\/10). Se o ajuste feito hoje for integralmente repassado, o diesel pode cair 1,8% ou cerca de R$ 0,05 por litro, e a gasolina 1,4% ou R$ 0,05 por litro.<\/span><br \/>\n<\/span><\/em><\/p>\n<p><span style=\"font-family: Arial;font-size: small\">Essa pol\u00edtica ter\u00e1 como base dois fatores: a paridade com o mercado internacional &#8211; tamb\u00e9m conhecido como PPI e que inclui custos como frete de navios, custos internos de transporte e taxas portu\u00e1rias \u2013 mais uma margem que ser\u00e1 praticada para remunerar riscos inerentes \u00e0 opera\u00e7\u00e3o, como por exemplo volatilidade da taxa de c\u00e2mbio e dos pre\u00e7os, sobreestadias em portos e lucro, al\u00e9m de tributos. A diretoria-executiva definiu que a Petrobras n\u00e3o praticar\u00e1 pre\u00e7os abaixo desta paridade internacional, destacou a assessoria de imprensa da petroleira, por meio de nota.<\/span><\/p>\n<p><span style=\"font-family: Arial;font-size: small\">A principal diferen\u00e7a em rela\u00e7\u00e3o ao que ocorre hoje \u00e9 o prazo para os ajustes em rela\u00e7\u00e3o ao mercado internacional. A nova pol\u00edtica prev\u00ea avalia\u00e7\u00f5es para revis\u00f5es de pre\u00e7os pelo menos uma vez por m\u00eas. \u00c9 importante ressaltar que, como o valor desses combust\u00edveis acompanhar\u00e1 a tend\u00eancia do mercado internacional, poder\u00e1 haver manuten\u00e7\u00e3o, redu\u00e7\u00e3o ou aumento nos pre\u00e7os praticados nas refinarias.<\/span><\/p>\n<p><span style=\"font-family: Arial;font-size: small\">A necessidade de ajustes nos valores dos combust\u00edveis nas refinarias ser\u00e1 tomada pelo Grupo Executivo de Mercados e Pre\u00e7os, formado pelo presidente da empresa, o diretor de Refino e G\u00e1s Natural e o diretor Financeiro e de Relacionamento com Investidores. <\/span><\/p>\n<p><span style=\"font-family: Arial;font-size: small\">A primeira avalia\u00e7\u00e3o feita pelo grupo executivo indicou a necessidade reduzir o diesel em 2,7% e a gasolina em 3,2% na refinaria. Esses pre\u00e7os entrar\u00e3o em vigor para vendas a partir de zero hora de s\u00e1bado (15\/10).<\/span><\/p>\n<p><span style=\"font-family: Arial;font-size: small\">Para permitir maior flexibilidade na gest\u00e3o comercial de derivados e estimular aumentos de vendas, a\u00a0 Petrobras tamb\u00e9m avaliar\u00e1 conceder descontos pontuais para o diesel e a gasolina em mercados espec\u00edficos. Em hip\u00f3tese alguma, esses descontos ficar\u00e3o abaixo dos custos da empresa. <\/span><\/p>\n<p><span style=\"font-family: Arial;font-size: small\">A decis\u00e3o do comit\u00ea executivo levou em conta o crescente volume de importa\u00e7\u00f5es, o que reduz a participa\u00e7\u00e3o da Petrobras, e tamb\u00e9m a sazonalidade do mercado mundial de petr\u00f3leo. O aumento das compras externas vem sendo observado especialmente no caso do diesel, onde a entrada de produtos j\u00e1 responde por 14% da demanda do pa\u00eds. No caso da gasolina, as importa\u00e7\u00f5es cresceram 28% ao m\u00eas entre mar\u00e7o e setembro desse ano.<\/p>\n<p>Como a lei brasileira garante liberdade de pre\u00e7os no mercado de combust\u00edveis e derivados, as revis\u00f5es feitas pela Petrobras nas refinarias podem ou n\u00e3o se refletir no pre\u00e7o final ao consumidor. Isso depender\u00e1 de repasses feitos por outros integrantes da cadeia de petr\u00f3leo, especialmente distribuidoras e postos de combust\u00edveis. Se o ajuste feito hoje for integralmente repassado, o diesel pode cair 1,8% ou cerca de R$ 0,05 por litro, e a gasolina 1,4% ou R$ 0,05 por litro.<\/span><\/p>\n","protected":false},"excerpt":{"rendered":"<p>A Petrobras adotar\u00e1 a partir de amanh\u00e3 uma nova pol\u00edtica de pre\u00e7os para a gasolina e o diesel comercializados em suas refinarias. A primeira avalia\u00e7\u00e3o indicou a necessidade reduzir o diesel em 2,7% e a gasolina em 3,2% na refinaria. Esses pre\u00e7os entrar\u00e3o em vigor para vendas a partir de zero hora de s\u00e1bado (15\/10). Se o ajuste feito hoje [&hellip;]<\/p>\n","protected":false},"author":27,"featured_media":0,"comment_status":"open","ping_status":"closed","sticky":false,"template":"","format":"standard","meta":{"footnotes":""},"categories":[2719],"tags":[78,3912,3913,201,1415,3911],"class_list":["post-3177","post","type-post","status-publish","format-standard","hentry","category-servidor","tag-ajuste","tag-diesel","tag-gasolina","tag-petrobras","tag-politica","tag-precos"],"_links":{"self":[{"href":"https:\/\/blogs.correiobraziliense.com.br\/servidor\/wp-json\/wp\/v2\/posts\/3177","targetHints":{"allow":["GET"]}}],"collection":[{"href":"https:\/\/blogs.correiobraziliense.com.br\/servidor\/wp-json\/wp\/v2\/posts"}],"about":[{"href":"https:\/\/blogs.correiobraziliense.com.br\/servidor\/wp-json\/wp\/v2\/types\/post"}],"author":[{"embeddable":true,"href":"https:\/\/blogs.correiobraziliense.com.br\/servidor\/wp-json\/wp\/v2\/users\/27"}],"replies":[{"embeddable":true,"href":"https:\/\/blogs.correiobraziliense.com.br\/servidor\/wp-json\/wp\/v2\/comments?post=3177"}],"version-history":[{"count":1,"href":"https:\/\/blogs.correiobraziliense.com.br\/servidor\/wp-json\/wp\/v2\/posts\/3177\/revisions"}],"predecessor-version":[{"id":3178,"href":"https:\/\/blogs.correiobraziliense.com.br\/servidor\/wp-json\/wp\/v2\/posts\/3177\/revisions\/3178"}],"wp:attachment":[{"href":"https:\/\/blogs.correiobraziliense.com.br\/servidor\/wp-json\/wp\/v2\/media?parent=3177"}],"wp:term":[{"taxonomy":"category","embeddable":true,"href":"https:\/\/blogs.correiobraziliense.com.br\/servidor\/wp-json\/wp\/v2\/categories?post=3177"},{"taxonomy":"post_tag","embeddable":true,"href":"https:\/\/blogs.correiobraziliense.com.br\/servidor\/wp-json\/wp\/v2\/tags?post=3177"}],"curies":[{"name":"wp","href":"https:\/\/api.w.org\/{rel}","templated":true}]}}