{"id":317,"date":"2015-07-09T15:43:00","date_gmt":"2015-07-09T18:43:00","guid":{"rendered":"https:\/\/blogs.correiobraziliense.com.br\/servidor\/fim_da_estabilidade_no_servico_publico\/"},"modified":"2016-05-13T19:32:56","modified_gmt":"2016-05-13T22:32:56","slug":"fim_da_estabilidade_no_servico_publico","status":"publish","type":"post","link":"https:\/\/blogs.correiobraziliense.com.br\/servidor\/fim_da_estabilidade_no_servico_publico\/","title":{"rendered":"FIM DA ESTABILIDADE NO SERVI\u00c7O P\u00daBLICO"},"content":{"rendered":"<p><i>Em meio a uma campanha salarial desgastante, com amea\u00e7a de aumentos significativos de gastos do er\u00e1rio, algumas reflex\u00f5es v\u00eam \u00e0 tona. Veja o artigo na \u00edntegra do ex-ministro da Sa\u00fade. <\/p>\n<p><\/i><i> <\/p>\n<p><\/i><i>*Luiz Carlos Borges da  Silveira<\/i> &nbsp; O Brasil passa por per\u00edodo de mudan\u00e7as  tendentes a modernizar e dinamizar a vida pol\u00edtica e administrativa no \u00e2mbito do  governo, por isso acredito ser oportuno repensar e discutir a estabilidade  funcional no servi\u00e7o p\u00fablico. Esse instituto vem do tempo em que a carreira  apresentava poucos atrativos em compara\u00e7\u00e3o com a iniciativa privada e por isto  buscou-se proporcionar alguma garantia ante as incertezas do mercado de trabalho  no setor particular. Hoje, a estabilidade tem gerado v\u00edcios que visivelmente  comprometem a presta\u00e7\u00e3o do servi\u00e7o, da\u00ed a necessidade de reconsider\u00e1-la,  debatendo a viabilidade de sua extin\u00e7\u00e3o ou aplica\u00e7\u00e3o de novo ordenamento nas  rela\u00e7\u00f5es de trabalho na \u00e1rea oficial. &nbsp; \u00c9 sabido que, com poucas ressalvas, a  presta\u00e7\u00e3o do servi\u00e7o p\u00fablico \u00e0 popula\u00e7\u00e3o \u00e9 deficiente, morosa e extremamente  burocr\u00e1tica com decis\u00f5es centralizadas sujeitas a uma legisla\u00e7\u00e3o extensa e  complicadora e algumas normas ultrapassadas. A vital\u00edcia garantia do emprego  favorece a falta de empenho e a acomoda\u00e7\u00e3o, produzindo falsa necessidade de mais  funcion\u00e1rios para execu\u00e7\u00e3o das mesmas tarefas. Da\u00ed, mais concursos, mais gente  contratada que logo estar\u00e1 igualmente desmotivada e  acomodada. &nbsp; Portanto, seria conveniente a ado\u00e7\u00e3o de  normas que contribuam para motiva\u00e7\u00e3o funcional e consequente dinamiza\u00e7\u00e3o da  atividade sem sistem\u00e1ticas admiss\u00f5es que incham a m\u00e1quina e aumentam despesas  sem observ\u00e2ncia do crit\u00e9rio custo\/benef\u00edcio. Uma das alternativas pode ser o  ganho por produtividade. A iniciativa privada utiliza esse sistema com proveito  em termos de aumento da produtividade e da qualidade, com empregados em  constantes treinamentos, reciclagem e avalia\u00e7\u00e3o s\u00e9ria que resultam em vantagens  salariais. No \u00e2mbito p\u00fablico, em diversas carreiras isso \u00e9 poss\u00edvel, como no  ensino, no atendimento de sa\u00fade. Haveria com certeza maior motiva\u00e7\u00e3o, mais  empenho e participa\u00e7\u00e3o com ganho para ambas as partes. A ascens\u00e3o deve ter por  base o m\u00e9rito, a dedica\u00e7\u00e3o e a produtividade. \u00c9 verdade que a administra\u00e7\u00e3o  federal aplica processo de avalia\u00e7\u00e3o, por\u00e9m mais vale para o curr\u00edculo funcional  contando pontos para eventual processo de promo\u00e7\u00e3o. Al\u00e9m do mais, n\u00e3o utiliza  crit\u00e9rios que assegurem imparcialidade. \u00c9 a chamada Avalia\u00e7\u00e3o 360 Graus, onde,  curiosamente, o funcion\u00e1rio participa e avalia a si pr\u00f3prio.   &nbsp; No fundo, tal avalia\u00e7\u00e3o n\u00e3o tem nada a ver  com ganho por produtividade, um mecanismo t\u00e3o importante que at\u00e9 os clubes de  futebol de ponta, obrigados a altas contrata\u00e7\u00f5es de profissionais caros passaram  a adotar uma tabela especial vinculando o sal\u00e1rio do atleta a conquistas do  clube que revertam em mais renda, inclusive contratos publicit\u00e1rios e de  merchandising. &nbsp; Um dos problemas do princ\u00edpio da  estabilidade \u00e9 sua banaliza\u00e7\u00e3o e extens\u00e3o a categorias que se acham fora do  benef\u00edcio. Isso ocorre ou por decis\u00e3o dos tribunais superiores ou medidas  legislativas. Eis apenas alguns casos: o TST reconheceu estabilidade a uma  funcion\u00e1ria municipal do interior paulista contratada pelo regime da CLT; o  mesmo tribunal garantiu estabilidade a funcion\u00e1rios com v\u00ednculo tempor\u00e1rio,  dentro de determinadas circunst\u00e2ncias, e o STF decidiu favoravelmente \u00e0  estabilidade de funcion\u00e1rios da ECT (Correios) tamb\u00e9m celetistas, fato este que  gerou movimento iniciado pelo Mato Grosso em que empregados de Departamentos de  Transito (Detran) exigem o mesmo tratamento. E na C\u00e2mara dos Deputados existe um  Projeto de Emenda Constitucional (PEC), que a qualquer momento pode ser  desengavetada, concedendo estabilidade a servidores p\u00fablicos em cargos  comissionados. &nbsp; Por enquanto, uma das propostas sobre nova  regula\u00e7\u00e3o oriunda do legislativo \u00e9 do deputado Jo\u00e3o Dado\/SP, definindo as  atividades consideradas exclusivas de Estado e concedendo a seus ocupantes  determinadas prerrogativas, incluindo a estabilidade. Hoje, o custo da m\u00e1quina p\u00fablica com  funcion\u00e1rios que exercem atividade-meio ultrapassa o limite da Lei de  Responsabilidade Fiscal criando dificuldades e impossibilitando o governo de  melhorar o &nbsp;n\u00edvel salarial, oferecer gratifica\u00e7\u00f5es, treinamento e  reciclagem \u00e0queles que exercem atividade-fim, ou seja, que tratam diretamente  com a popula\u00e7\u00e3o, que atendem \u00e0s pessoas, pois s\u00e3o esses que efetivamente cumprem  o papel do Estado. Os outros burocratizam o servi\u00e7o e entravam o atendimento  p\u00fablico. Deve-se ter em conta que governo existe para atender ao  povo. &nbsp; *Luiz  Carlos Borges da Silveira \u00e9 empres\u00e1rio, m\u00e9dico e professor. Foi ministro da Sa\u00fade e deputado federal.  <\/p>\n<p>Bras\u00edlia, 15h40min   <\/p>\n","protected":false},"excerpt":{"rendered":"<p>Em meio a uma campanha salarial desgastante, com amea\u00e7a de aumentos significativos de gastos do er\u00e1rio, algumas reflex\u00f5es v\u00eam \u00e0 tona. Veja o artigo na \u00edntegra do ex-ministro da Sa\u00fade. *Luiz Carlos Borges da Silveira &nbsp; O Brasil passa por per\u00edodo de mudan\u00e7as tendentes a modernizar e dinamizar a vida pol\u00edtica e administrativa no \u00e2mbito do governo, por isso acredito [&hellip;]<\/p>\n","protected":false},"author":27,"featured_media":0,"comment_status":"open","ping_status":"closed","sticky":false,"template":"","format":"standard","meta":{"footnotes":""},"categories":[1],"tags":[],"class_list":["post-317","post","type-post","status-publish","format-standard","hentry","category-sem-categoria"],"_links":{"self":[{"href":"https:\/\/blogs.correiobraziliense.com.br\/servidor\/wp-json\/wp\/v2\/posts\/317","targetHints":{"allow":["GET"]}}],"collection":[{"href":"https:\/\/blogs.correiobraziliense.com.br\/servidor\/wp-json\/wp\/v2\/posts"}],"about":[{"href":"https:\/\/blogs.correiobraziliense.com.br\/servidor\/wp-json\/wp\/v2\/types\/post"}],"author":[{"embeddable":true,"href":"https:\/\/blogs.correiobraziliense.com.br\/servidor\/wp-json\/wp\/v2\/users\/27"}],"replies":[{"embeddable":true,"href":"https:\/\/blogs.correiobraziliense.com.br\/servidor\/wp-json\/wp\/v2\/comments?post=317"}],"version-history":[{"count":1,"href":"https:\/\/blogs.correiobraziliense.com.br\/servidor\/wp-json\/wp\/v2\/posts\/317\/revisions"}],"predecessor-version":[{"id":1722,"href":"https:\/\/blogs.correiobraziliense.com.br\/servidor\/wp-json\/wp\/v2\/posts\/317\/revisions\/1722"}],"wp:attachment":[{"href":"https:\/\/blogs.correiobraziliense.com.br\/servidor\/wp-json\/wp\/v2\/media?parent=317"}],"wp:term":[{"taxonomy":"category","embeddable":true,"href":"https:\/\/blogs.correiobraziliense.com.br\/servidor\/wp-json\/wp\/v2\/categories?post=317"},{"taxonomy":"post_tag","embeddable":true,"href":"https:\/\/blogs.correiobraziliense.com.br\/servidor\/wp-json\/wp\/v2\/tags?post=317"}],"curies":[{"name":"wp","href":"https:\/\/api.w.org\/{rel}","templated":true}]}}