{"id":3163,"date":"2016-10-11T18:47:26","date_gmt":"2016-10-11T21:47:26","guid":{"rendered":"https:\/\/blogs.correiobraziliense.com.br\/servidor\/?p=3163"},"modified":"2016-10-11T18:47:26","modified_gmt":"2016-10-11T21:47:26","slug":"centrais-confederacoes-federacoes-sindicatos-e-associacoes-se-unem-contra-proposta-do-congelamento-pec-241","status":"publish","type":"post","link":"https:\/\/blogs.correiobraziliense.com.br\/servidor\/centrais-confederacoes-federacoes-sindicatos-e-associacoes-se-unem-contra-proposta-do-congelamento-pec-241\/","title":{"rendered":"Centrais, Confedera\u00e7\u00f5es, Federa\u00e7\u00f5es, Sindicatos e Associa\u00e7\u00f5es se unem contra a Proposta do Congelamento (PEC 241)"},"content":{"rendered":"<p><img loading=\"lazy\" decoding=\"async\" class=\"aligncenter size-full wp-image-3164\" src=\"https:\/\/blogs.correiobraziliense.com.br\/servidor\/wp-content\/uploads\/sites\/10\/2016\/10\/manifesto.jpg\" alt=\"Manifesto em defesa dos servi\u00e7os p\u00fablicos\" width=\"725\" height=\"1024\" srcset=\"https:\/\/blogs.correiobraziliense.com.br\/servidor\/wp-content\/uploads\/sites\/10\/2016\/10\/manifesto.jpg 725w, https:\/\/blogs.correiobraziliense.com.br\/servidor\/wp-content\/uploads\/sites\/10\/2016\/10\/manifesto-212x300.jpg 212w, https:\/\/blogs.correiobraziliense.com.br\/servidor\/wp-content\/uploads\/sites\/10\/2016\/10\/manifesto-248x350.jpg 248w, https:\/\/blogs.correiobraziliense.com.br\/servidor\/wp-content\/uploads\/sites\/10\/2016\/10\/manifesto-550x777.jpg 550w, https:\/\/blogs.correiobraziliense.com.br\/servidor\/wp-content\/uploads\/sites\/10\/2016\/10\/manifesto-230x325.jpg 230w\" sizes=\"auto, (max-width: 725px) 100vw, 725px\" \/><\/p>\n","protected":false},"excerpt":{"rendered":"","protected":false},"author":27,"featured_media":0,"comment_status":"open","ping_status":"closed","sticky":false,"template":"","format":"standard","meta":{"footnotes":""},"categories":[2719],"tags":[3902,1259,756,177,3272,3801],"class_list":["post-3163","post","type-post","status-publish","format-standard","hentry","category-servidor","tag-associacoes","tag-centrais","tag-confederacoes","tag-contra","tag-pec-241","tag-sindicatos"],"_links":{"self":[{"href":"https:\/\/blogs.correiobraziliense.com.br\/servidor\/wp-json\/wp\/v2\/posts\/3163","targetHints":{"allow":["GET"]}}],"collection":[{"href":"https:\/\/blogs.correiobraziliense.com.br\/servidor\/wp-json\/wp\/v2\/posts"}],"about":[{"href":"https:\/\/blogs.correiobraziliense.com.br\/servidor\/wp-json\/wp\/v2\/types\/post"}],"author":[{"embeddable":true,"href":"https:\/\/blogs.correiobraziliense.com.br\/servidor\/wp-json\/wp\/v2\/users\/27"}],"replies":[{"embeddable":true,"href":"https:\/\/blogs.correiobraziliense.com.br\/servidor\/wp-json\/wp\/v2\/comments?post=3163"}],"version-history":[{"count":1,"href":"https:\/\/blogs.correiobraziliense.com.br\/servidor\/wp-json\/wp\/v2\/posts\/3163\/revisions"}],"predecessor-version":[{"id":3165,"href":"https:\/\/blogs.correiobraziliense.com.br\/servidor\/wp-json\/wp\/v2\/posts\/3163\/revisions\/3165"}],"wp:attachment":[{"href":"https:\/\/blogs.correiobraziliense.com.br\/servidor\/wp-json\/wp\/v2\/media?parent=3163"}],"wp:term":[{"taxonomy":"category","embeddable":true,"href":"https:\/\/blogs.correiobraziliense.com.br\/servidor\/wp-json\/wp\/v2\/categories?post=3163"},{"taxonomy":"post_tag","embeddable":true,"href":"https:\/\/blogs.correiobraziliense.com.br\/servidor\/wp-json\/wp\/v2\/tags?post=3163"}],"curies":[{"name":"wp","href":"https:\/\/api.w.org\/{rel}","templated":true}]}}