{"id":3132,"date":"2016-10-11T10:39:48","date_gmt":"2016-10-11T13:39:48","guid":{"rendered":"https:\/\/blogs.correiobraziliense.com.br\/servidor\/?p=3132"},"modified":"2016-10-11T10:39:48","modified_gmt":"2016-10-11T13:39:48","slug":"sinait-pede-apoio-ao-ministro-de-minas-e-energia-para-envio-de-projeto-da-categoria","status":"publish","type":"post","link":"https:\/\/blogs.correiobraziliense.com.br\/servidor\/sinait-pede-apoio-ao-ministro-de-minas-e-energia-para-envio-de-projeto-da-categoria\/","title":{"rendered":"Sinait pede apoio ao ministro de Minas e Energia para envio de projeto da categoria"},"content":{"rendered":"<div class=\"entry-content\">\n<p>O presidente do Sindicato Nacional dos Auditores-Fiscais do Trabalho (Sinait), Carlos Silva, se reuniu ontem com o ministro de Minas e Energia, Fernando Bezerra Coelho Filho, para tratar do envio do Projeto de Lei, que reestrutura a carreira de auditoria-fiscal do Trabalho, para a C\u00e2mara dos Deputados.<\/p>\n<p>Carlos Silva explicou ao ministro Fernando Bezerra que a categoria passou por um processo longo de negocia\u00e7\u00e3o com o governo. \u201cGarantiram-nos que o acordo firmado em mar\u00e7o seria enviado brevemente para a C\u00e2mara. J\u00e1 se passaram quase sete meses, neste intercurso, v\u00e1rios prazos foram colocados para o envio da proposta e o governo n\u00e3o honrou nenhum deles\u201d.<\/p>\n<p>O presidente do Sinait enfatizou que a situa\u00e7\u00e3o \u00e9 um desrespeito \u00e0 categoria. Outras carreiras que estavam no mesmo processo de negocia\u00e7\u00e3o tiveram os projetos encaminhados. \u201cN\u00e3o h\u00e1 explica\u00e7\u00e3o para o nosso projeto n\u00e3o ter sido remetido da Casa Civil para a C\u00e2mara. Isso \u00e9 um desrespeito. Contamos com o senhor e seu prestigio junto ao Planalto para conseguirmos resolver esse impasse\u201d.<\/p>\n<p>Segundo Silva, ao final da reuni\u00e3o, o ministro Fernando Bezerra disse que iria empenhar esfor\u00e7os para contribuir com a categoria neste pleito. \u201cVou fazer o poss\u00edvel para ajud\u00e1-los nesta demanda\u201d, comprometeu-se Bezerra.<\/p>\n<\/div>\n","protected":false},"excerpt":{"rendered":"<p>O presidente do Sindicato Nacional dos Auditores-Fiscais do Trabalho (Sinait), Carlos Silva, se reuniu ontem com o ministro de Minas e Energia, Fernando Bezerra Coelho Filho, para tratar do envio do Projeto de Lei, que reestrutura a carreira de auditoria-fiscal do Trabalho, para a C\u00e2mara dos Deputados. Carlos Silva explicou ao ministro Fernando Bezerra que a categoria passou por um [&hellip;]<\/p>\n","protected":false},"author":27,"featured_media":0,"comment_status":"open","ping_status":"closed","sticky":false,"template":"","format":"standard","meta":{"footnotes":""},"categories":[2719],"tags":[3852,792,61,188,2285,3851,35,101,3259,905],"class_list":["post-3132","post","type-post","status-publish","format-standard","hentry","category-servidor","tag-acordo-salarial","tag-apoio","tag-camara","tag-carreira","tag-envio","tag-minas-e-energia","tag-ministro","tag-projeto","tag-reestrutura","tag-sinait"],"_links":{"self":[{"href":"https:\/\/blogs.correiobraziliense.com.br\/servidor\/wp-json\/wp\/v2\/posts\/3132","targetHints":{"allow":["GET"]}}],"collection":[{"href":"https:\/\/blogs.correiobraziliense.com.br\/servidor\/wp-json\/wp\/v2\/posts"}],"about":[{"href":"https:\/\/blogs.correiobraziliense.com.br\/servidor\/wp-json\/wp\/v2\/types\/post"}],"author":[{"embeddable":true,"href":"https:\/\/blogs.correiobraziliense.com.br\/servidor\/wp-json\/wp\/v2\/users\/27"}],"replies":[{"embeddable":true,"href":"https:\/\/blogs.correiobraziliense.com.br\/servidor\/wp-json\/wp\/v2\/comments?post=3132"}],"version-history":[{"count":1,"href":"https:\/\/blogs.correiobraziliense.com.br\/servidor\/wp-json\/wp\/v2\/posts\/3132\/revisions"}],"predecessor-version":[{"id":3133,"href":"https:\/\/blogs.correiobraziliense.com.br\/servidor\/wp-json\/wp\/v2\/posts\/3132\/revisions\/3133"}],"wp:attachment":[{"href":"https:\/\/blogs.correiobraziliense.com.br\/servidor\/wp-json\/wp\/v2\/media?parent=3132"}],"wp:term":[{"taxonomy":"category","embeddable":true,"href":"https:\/\/blogs.correiobraziliense.com.br\/servidor\/wp-json\/wp\/v2\/categories?post=3132"},{"taxonomy":"post_tag","embeddable":true,"href":"https:\/\/blogs.correiobraziliense.com.br\/servidor\/wp-json\/wp\/v2\/tags?post=3132"}],"curies":[{"name":"wp","href":"https:\/\/api.w.org\/{rel}","templated":true}]}}