{"id":3130,"date":"2016-10-11T10:34:35","date_gmt":"2016-10-11T13:34:35","guid":{"rendered":"https:\/\/blogs.correiobraziliense.com.br\/servidor\/?p=3130"},"modified":"2016-10-11T10:35:35","modified_gmt":"2016-10-11T13:35:35","slug":"analistas-tributarios-intensificam-paralisacao-nacional-11-e-13-de-outubro","status":"publish","type":"post","link":"https:\/\/blogs.correiobraziliense.com.br\/servidor\/analistas-tributarios-intensificam-paralisacao-nacional-11-e-13-de-outubro\/","title":{"rendered":"Analistas-tribut\u00e1rios intensificam paralisa\u00e7\u00e3o nacional 11 e 13 de outubro"},"content":{"rendered":"<p>Ap\u00f3s uma semana de intenso trabalho realizado dos analistas-tribut\u00e1rios da Receita Federal do Brasil (RFB) em audi\u00eancia p\u00fablica, na C\u00e2mara dos Deputados, sobre o PL 5.864\/2016, no dia 4, os profissionais refor\u00e7am nesta ter\u00e7a e quinta-feira, 11 e 13 de outubro, a paralisa\u00e7\u00e3o da categoria contra a pauta n\u00e3o remunerat\u00f3ria (PNR) do Projeto de Lei n\u00ba 5.864\/2016, sobre a Carreira Tribut\u00e1ria e Aduaneira da RR. A paralisa\u00e7\u00e3o dos analistas foi confirmada pela categoria em Assembleia Geral Nacional Unificada (AGNU), em 30 de agosto a 1\u00ba de setembro.<\/p>\n<p>De acordo com o sindicato da categoria (Sindireceita),\u00a0 o relator do Projeto de Lei 5.864\/2016, deputado Wellington Roberto (PR\/PB), se comprometeu em apresentar, nesta ter\u00e7a-feira, dia 11, o relat\u00f3rio que pode ser votado no mesmo dia na Comiss\u00e3o Especial. A paralisa\u00e7\u00e3o reivindica a corre\u00e7\u00e3o das graves diverg\u00eancias da PNR. Foram adicionados ao PL, no entender do sindicato, trechos que n\u00e3o estavam no acordo dos analistas nem de nenhuma outra categoria, que tentam descaracterizar o cargo.<\/p>\n<p>Os analistas v\u00e3o cruzar os bra\u00e7os nas unidades de todo o pa\u00eds e opera\u00e7\u00e3o padr\u00e3o nas \u00e1reas aduaneiras, conforme delibera\u00e7\u00e3o de AGNU.<\/p>\n<p>&nbsp;<\/p>\n","protected":false},"excerpt":{"rendered":"<p>Ap\u00f3s uma semana de intenso trabalho realizado dos analistas-tribut\u00e1rios da Receita Federal do Brasil (RFB) em audi\u00eancia p\u00fablica, na C\u00e2mara dos Deputados, sobre o PL 5.864\/2016, no dia 4, os profissionais refor\u00e7am nesta ter\u00e7a e quinta-feira, 11 e 13 de outubro, a paralisa\u00e7\u00e3o da categoria contra a pauta n\u00e3o remunerat\u00f3ria (PNR) do Projeto de Lei n\u00ba 5.864\/2016, sobre a Carreira [&hellip;]<\/p>\n","protected":false},"author":27,"featured_media":0,"comment_status":"open","ping_status":"closed","sticky":false,"template":"","format":"standard","meta":{"footnotes":""},"categories":[2719],"tags":[112,381,759,3850,506,294,18,1087],"class_list":["post-3130","post","type-post","status-publish","format-standard","hentry","category-servidor","tag-acordo","tag-analistas","tag-correcao","tag-divergencias","tag-paralisacao","tag-receita-federal","tag-salarial","tag-tributarios"],"_links":{"self":[{"href":"https:\/\/blogs.correiobraziliense.com.br\/servidor\/wp-json\/wp\/v2\/posts\/3130","targetHints":{"allow":["GET"]}}],"collection":[{"href":"https:\/\/blogs.correiobraziliense.com.br\/servidor\/wp-json\/wp\/v2\/posts"}],"about":[{"href":"https:\/\/blogs.correiobraziliense.com.br\/servidor\/wp-json\/wp\/v2\/types\/post"}],"author":[{"embeddable":true,"href":"https:\/\/blogs.correiobraziliense.com.br\/servidor\/wp-json\/wp\/v2\/users\/27"}],"replies":[{"embeddable":true,"href":"https:\/\/blogs.correiobraziliense.com.br\/servidor\/wp-json\/wp\/v2\/comments?post=3130"}],"version-history":[{"count":1,"href":"https:\/\/blogs.correiobraziliense.com.br\/servidor\/wp-json\/wp\/v2\/posts\/3130\/revisions"}],"predecessor-version":[{"id":3131,"href":"https:\/\/blogs.correiobraziliense.com.br\/servidor\/wp-json\/wp\/v2\/posts\/3130\/revisions\/3131"}],"wp:attachment":[{"href":"https:\/\/blogs.correiobraziliense.com.br\/servidor\/wp-json\/wp\/v2\/media?parent=3130"}],"wp:term":[{"taxonomy":"category","embeddable":true,"href":"https:\/\/blogs.correiobraziliense.com.br\/servidor\/wp-json\/wp\/v2\/categories?post=3130"},{"taxonomy":"post_tag","embeddable":true,"href":"https:\/\/blogs.correiobraziliense.com.br\/servidor\/wp-json\/wp\/v2\/tags?post=3130"}],"curies":[{"name":"wp","href":"https:\/\/api.w.org\/{rel}","templated":true}]}}