{"id":3112,"date":"2016-10-07T20:06:46","date_gmt":"2016-10-07T23:06:46","guid":{"rendered":"https:\/\/blogs.correiobraziliense.com.br\/servidor\/?p=3112"},"modified":"2016-10-07T20:06:46","modified_gmt":"2016-10-07T23:06:46","slug":"comissao-de-financas-e-proxima-apreciar-propostas-que-limitam-os-juros-do-cartao-de-credito-e-do-cheque-especial","status":"publish","type":"post","link":"https:\/\/blogs.correiobraziliense.com.br\/servidor\/comissao-de-financas-e-proxima-apreciar-propostas-que-limitam-os-juros-do-cartao-de-credito-e-do-cheque-especial\/","title":{"rendered":"Comiss\u00e3o de Finan\u00e7as \u00e9 a pr\u00f3xima a apreciar propostas que limitam os juros do cart\u00e3o de cr\u00e9dito e do cheque especial"},"content":{"rendered":"<p><em>A Comiss\u00e3o de Finan\u00e7as e Tributa\u00e7\u00e3o (CFT) da C\u00e2mara Federal recebeu, para aprecia\u00e7\u00e3o, os Projetos de Lei Complementar (PLPs) 278\/16 e 291\/16, de autoria do deputado Roberto de Lucena (PV\/SP), que limitam os juros no cart\u00e3o de cr\u00e9dito e no cheque especial em 12% ao ano.<\/em><\/p>\n<p>As propostas j\u00e1 tramitaram na Comiss\u00e3o de Defesa do Consumidor (CDC) e, depois de passarem pelo crivo da CFT, v\u00e3o para a Comiss\u00e3o de Constitui\u00e7\u00e3o e Justi\u00e7a e de Cidadania (CCJC) deliberar sobre a constitucionalidade, juridicidade e t\u00e9cnica legislativa. Ap\u00f3s isso, os PLPs seguir\u00e3o para vota\u00e7\u00e3o no plen\u00e1rio da Casa.<\/p>\n<p>Segundo o autor da proposta, a ideia \u00e9 impor essa limita\u00e7\u00e3o toda vez que os juros forem praticados acima da m\u00e9dia de mercado \u2013 que \u00e9 de 12,52% ao m\u00eas \u2013 observados os valores da taxa Selic estabelecida pelo Banco Central. Caso a d\u00edvida seja renegociada, a institui\u00e7\u00e3o banc\u00e1ria ou financeira dever\u00e1 aplicar a menor taxa de juros praticada no mercado. Se houver a antecipa\u00e7\u00e3o do pagamento, o banco dever\u00e1 oferecer descontos com porcentagens proporcionais \u00e0s taxas de juros que os clientes pagariam em casos de atrasos nessas parcelas.<\/p>\n<p>\u201cLamentavelmente, as taxas de juros praticadas pelas institui\u00e7\u00f5es financeiras s\u00e3o exorbitantes e abusivas, podendo chegar a astron\u00f4micos 545,71% ao ano. Essa situa\u00e7\u00e3o abusiva criou um batalh\u00e3o de inadimplentes, marginalizados dentro de um sistema onde o cr\u00e9dito \u00e9 condi\u00e7\u00e3o b\u00e1sica de cidadania. Quero dar um basta nessa cobran\u00e7a excessiva e desproporcional de juros que tem penalizado milhares de brasileiros\u201d, destacou Roberto de Lucena.<\/p>\n","protected":false},"excerpt":{"rendered":"<p>A Comiss\u00e3o de Finan\u00e7as e Tributa\u00e7\u00e3o (CFT) da C\u00e2mara Federal recebeu, para aprecia\u00e7\u00e3o, os Projetos de Lei Complementar (PLPs) 278\/16 e 291\/16, de autoria do deputado Roberto de Lucena (PV\/SP), que limitam os juros no cart\u00e3o de cr\u00e9dito e no cheque especial em 12% ao ano. As propostas j\u00e1 tramitaram na Comiss\u00e3o de Defesa do Consumidor (CDC) e, depois de [&hellip;]<\/p>\n","protected":false},"author":27,"featured_media":0,"comment_status":"open","ping_status":"closed","sticky":false,"template":"","format":"standard","meta":{"footnotes":""},"categories":[2719],"tags":[1236,61,3829,1648,3831,3826,3830,1102,3828,3827,1953],"class_list":["post-3112","post","type-post","status-publish","format-standard","hentry","category-servidor","tag-banco-central","tag-camara","tag-cartao-de-credito","tag-ccjc","tag-cdc","tag-cft","tag-cheque-especial","tag-juros","tag-limitam","tag-plp","tag-selic"],"_links":{"self":[{"href":"https:\/\/blogs.correiobraziliense.com.br\/servidor\/wp-json\/wp\/v2\/posts\/3112","targetHints":{"allow":["GET"]}}],"collection":[{"href":"https:\/\/blogs.correiobraziliense.com.br\/servidor\/wp-json\/wp\/v2\/posts"}],"about":[{"href":"https:\/\/blogs.correiobraziliense.com.br\/servidor\/wp-json\/wp\/v2\/types\/post"}],"author":[{"embeddable":true,"href":"https:\/\/blogs.correiobraziliense.com.br\/servidor\/wp-json\/wp\/v2\/users\/27"}],"replies":[{"embeddable":true,"href":"https:\/\/blogs.correiobraziliense.com.br\/servidor\/wp-json\/wp\/v2\/comments?post=3112"}],"version-history":[{"count":1,"href":"https:\/\/blogs.correiobraziliense.com.br\/servidor\/wp-json\/wp\/v2\/posts\/3112\/revisions"}],"predecessor-version":[{"id":3113,"href":"https:\/\/blogs.correiobraziliense.com.br\/servidor\/wp-json\/wp\/v2\/posts\/3112\/revisions\/3113"}],"wp:attachment":[{"href":"https:\/\/blogs.correiobraziliense.com.br\/servidor\/wp-json\/wp\/v2\/media?parent=3112"}],"wp:term":[{"taxonomy":"category","embeddable":true,"href":"https:\/\/blogs.correiobraziliense.com.br\/servidor\/wp-json\/wp\/v2\/categories?post=3112"},{"taxonomy":"post_tag","embeddable":true,"href":"https:\/\/blogs.correiobraziliense.com.br\/servidor\/wp-json\/wp\/v2\/tags?post=3112"}],"curies":[{"name":"wp","href":"https:\/\/api.w.org\/{rel}","templated":true}]}}