{"id":3101,"date":"2016-10-07T11:56:17","date_gmt":"2016-10-07T14:56:17","guid":{"rendered":"https:\/\/blogs.correiobraziliense.com.br\/servidor\/?p=3101"},"modified":"2016-10-07T11:56:47","modified_gmt":"2016-10-07T14:56:47","slug":"bancarios-maioria-das-assembleias-aprova-proposta-com-fenaban-e-categoria-encerra-greve-nacional","status":"publish","type":"post","link":"https:\/\/blogs.correiobraziliense.com.br\/servidor\/bancarios-maioria-das-assembleias-aprova-proposta-com-fenaban-e-categoria-encerra-greve-nacional\/","title":{"rendered":"Banc\u00e1rios &#8211; Maioria das assembleias aprova proposta com Fenaban e categoria encerra greve nacional"},"content":{"rendered":"<p><em>Seguindo orienta\u00e7\u00e3o do Comando Nacional dos Banc\u00e1rios, coordenado pela Contraf-CUT, a grande maioria das assembleias realizadas, ontem, em todo o pa\u00eds, aprovou a proposta da Federa\u00e7\u00e3o Nacional dos Bancos (Fenaban) e os acordos espec\u00edficos do Banco do Brasil e da Caixa, encerrando a greve de 31 dias.<\/em><\/p>\n<p>Para Roberto von der Osten, presidente da Contraf-CUT e um dos coordenadores do Comando Nacional dos Banc\u00e1rios, os banc\u00e1rios saem vitoriosos de uma das campanhas mais dif\u00edceis dos \u00faltimos anos. &#8220;Conseguimos vit\u00f3rias importantes. A maior greve da hist\u00f3ria. Um n\u00famero expressivo de banc\u00e1rios e banc\u00e1rias mostrou a for\u00e7a da nossa unidade e da mobiliza\u00e7\u00e3o nacional. Um acordo in\u00e9dito de dois anos. Uma vit\u00f3ria compreendida pelos milhares de trabalhadores e trabalhadoras que aderiram por 31 dias em mais de 13 mil ag\u00eancias. E mais uma vez a Fenaban fez o triste papel de causar a greve e jogar a culpa nos trabalhadores. Os banc\u00e1rios e banc\u00e1rias mostraram serenidade numa greve pac\u00edfica e corajosa. Provaram para os que n\u00e3o aderiram que quem luta, conquista. E confirmaram que s\u00f3 a luta te garante! Somos uma categoria de luta.&#8221;<\/p>\n<p>O acordo de dois anos prev\u00ea 8% de reajuste mais abono de R$ 3,5 mil, em 2016. No vale-alimenta\u00e7\u00e3o o reajuste proposto \u00e9 maior, de 15%. No vale-refei\u00e7\u00e3o e no aux\u00edlio creche\/bab\u00e1 \u00e9 de 10%. Para 2017, a Fenaban aceitou repor integralmente a infla\u00e7\u00e3o (INPC\/IBGE) mais 1% de aumento real nos sal\u00e1rios e em todas as verbas.<\/p>\n<p>Levantamento feito pela Contraf-CUT at\u00e9 as 23h desta segunda-feira (26) indica que a maioria das assembleias aprovou tanto a proposta dos bancos quanto os acordos espec\u00edficos do BB e da Caixa.<\/p>\n<p>&nbsp;<\/p>\n","protected":false},"excerpt":{"rendered":"<p>Seguindo orienta\u00e7\u00e3o do Comando Nacional dos Banc\u00e1rios, coordenado pela Contraf-CUT, a grande maioria das assembleias realizadas, ontem, em todo o pa\u00eds, aprovou a proposta da Federa\u00e7\u00e3o Nacional dos Bancos (Fenaban) e os acordos espec\u00edficos do Banco do Brasil e da Caixa, encerrando a greve de 31 dias. Para Roberto von der Osten, presidente da Contraf-CUT e um dos coordenadores do [&hellip;]<\/p>\n","protected":false},"author":27,"featured_media":0,"comment_status":"open","ping_status":"closed","sticky":false,"template":"","format":"standard","meta":{"footnotes":""},"categories":[2719],"tags":[1566,3808,1013,304,3485,15,70,54],"class_list":["post-3101","post","type-post","status-publish","format-standard","hentry","category-servidor","tag-aprova","tag-assembleias","tag-bancarios","tag-encerra","tag-fenaban","tag-greve","tag-nacional","tag-proposta"],"_links":{"self":[{"href":"https:\/\/blogs.correiobraziliense.com.br\/servidor\/wp-json\/wp\/v2\/posts\/3101","targetHints":{"allow":["GET"]}}],"collection":[{"href":"https:\/\/blogs.correiobraziliense.com.br\/servidor\/wp-json\/wp\/v2\/posts"}],"about":[{"href":"https:\/\/blogs.correiobraziliense.com.br\/servidor\/wp-json\/wp\/v2\/types\/post"}],"author":[{"embeddable":true,"href":"https:\/\/blogs.correiobraziliense.com.br\/servidor\/wp-json\/wp\/v2\/users\/27"}],"replies":[{"embeddable":true,"href":"https:\/\/blogs.correiobraziliense.com.br\/servidor\/wp-json\/wp\/v2\/comments?post=3101"}],"version-history":[{"count":2,"href":"https:\/\/blogs.correiobraziliense.com.br\/servidor\/wp-json\/wp\/v2\/posts\/3101\/revisions"}],"predecessor-version":[{"id":3103,"href":"https:\/\/blogs.correiobraziliense.com.br\/servidor\/wp-json\/wp\/v2\/posts\/3101\/revisions\/3103"}],"wp:attachment":[{"href":"https:\/\/blogs.correiobraziliense.com.br\/servidor\/wp-json\/wp\/v2\/media?parent=3101"}],"wp:term":[{"taxonomy":"category","embeddable":true,"href":"https:\/\/blogs.correiobraziliense.com.br\/servidor\/wp-json\/wp\/v2\/categories?post=3101"},{"taxonomy":"post_tag","embeddable":true,"href":"https:\/\/blogs.correiobraziliense.com.br\/servidor\/wp-json\/wp\/v2\/tags?post=3101"}],"curies":[{"name":"wp","href":"https:\/\/api.w.org\/{rel}","templated":true}]}}