{"id":3099,"date":"2016-10-06T18:03:13","date_gmt":"2016-10-06T21:03:13","guid":{"rendered":"https:\/\/blogs.correiobraziliense.com.br\/servidor\/?p=3099"},"modified":"2016-10-06T18:03:13","modified_gmt":"2016-10-06T21:03:13","slug":"servidores-fazem-apitaco-em-frente-ao-palacio-do-itamaraty","status":"publish","type":"post","link":"https:\/\/blogs.correiobraziliense.com.br\/servidor\/servidores-fazem-apitaco-em-frente-ao-palacio-do-itamaraty\/","title":{"rendered":"Servidores fazem apita\u00e7o em frente ao Pal\u00e1cio do Itamaraty"},"content":{"rendered":"<p><em>Servidores do Minist\u00e9rio das Rela\u00e7\u00f5es Exteriores (MRE) fizeram apita\u00e7o em frente ao Pal\u00e1cio do Itamaraty, na tarde desta quinta-feira (06). O protesto foi a favor da equipara\u00e7\u00e3o da remunera\u00e7\u00e3o das carreiras do Servi\u00e7o Exterior Brasileiro (SEB) \u00e0s demais carreiras t\u00edpicas de Estado.<\/em><\/p>\n<p>A manifesta\u00e7\u00e3o ocorreu enquanto o ministro das Rela\u00e7\u00f5es Exteriores, Jos\u00e9 Serra, recebia o secret\u00e1rio-geral da Organiza\u00e7\u00e3o dos Estados Americanos (OEA), Luis Almagro. Desde a posse do ministro, o Sindicato Nacional dos Servidores do Minist\u00e9rio das Rela\u00e7\u00f5es Exteriores (Sinditamaraty) solicita audi\u00eancia para tratar desse pleito, mas n\u00e3o houve retorno.<\/p>\n<p><strong>Equipara\u00e7\u00e3o<\/strong><\/p>\n<p>Estudo empreendido pelo sindicato, que comparou a remunera\u00e7\u00e3o das carreiras do Servi\u00e7o Exterior Brasileiro (SEB) e de outras carreiras t\u00edpicas de Estado, revelou uma defasagem m\u00e9dia de 28,48% no caso de assistente de chancelaria; 31,88%, no caso de oficial de chancelaria; e 7,11% no caso de diplomatas. A diferen\u00e7a pode ser ainda maior, pois os valores levantados pelo estudo n\u00e3o contemplam o reajuste de 27,9% dado a grande parte das carreiras correlatas.<\/p>\n<p>As negocia\u00e7\u00f5es salariais com o governo, a cargo do Minist\u00e9rio do Planejamento, Desenvolvimento e Gest\u00e3o, come\u00e7aram h\u00e1 um ano e meio, mas at\u00e9 momento n\u00e3o houve avan\u00e7os em rela\u00e7\u00e3o \u00e0 pauta de equipara\u00e7\u00e3o salarial. Sem di\u00e1logo, a categoria deflagrou greve, no dia 22 de agosto, no Brasil e 112 postos no exterior. Em repres\u00e1lia, o minist\u00e9rio* cortou o ponto dos grevistas, mesmo com decis\u00e3o do Superior Tribunal de Justi\u00e7a que proibia o corte.<br \/>\nNo \u00faltimo dia 03, os servidores encerraram a greve que durou 44 dias sem nenhuma negocia\u00e7\u00e3o por parte do governo federal. Apesar da volta ao trabalho a categoria continua mobilizada. &#8220;Queremos que nossas demandas sejam atendidas, ou que, pelo menos avancem de forma concreta e positiva. As nossas a\u00e7\u00f5es de protesto continuar\u00e3o at\u00e9 que isso aconte\u00e7a&#8221;, ressaltou a presidente do Sinditamaraty, Suellen Paz.<\/p>\n<p>*Mas o MRE, em seguida, reconheceu o erro, de ordem t\u00e9cnica, e prometeu devolver o dinheiro, segundo nota da assessoria de imprensa do minist\u00e9rio<\/p>\n","protected":false},"excerpt":{"rendered":"<p>Servidores do Minist\u00e9rio das Rela\u00e7\u00f5es Exteriores (MRE) fizeram apita\u00e7o em frente ao Pal\u00e1cio do Itamaraty, na tarde desta quinta-feira (06). O protesto foi a favor da equipara\u00e7\u00e3o da remunera\u00e7\u00e3o das carreiras do Servi\u00e7o Exterior Brasileiro (SEB) \u00e0s demais carreiras t\u00edpicas de Estado. A manifesta\u00e7\u00e3o ocorreu enquanto o ministro das Rela\u00e7\u00f5es Exteriores, Jos\u00e9 Serra, recebia o secret\u00e1rio-geral da Organiza\u00e7\u00e3o dos Estados [&hellip;]<\/p>\n","protected":false},"author":27,"featured_media":0,"comment_status":"open","ping_status":"closed","sticky":false,"template":"","format":"standard","meta":{"footnotes":""},"categories":[2719],"tags":[3806,77,1371,1869,2463,2126,3807,58,2122],"class_list":["post-3099","post","type-post","status-publish","format-standard","hentry","category-servidor","tag-apitaco","tag-defasagem","tag-equiparacao","tag-itamaraty","tag-jose-serra","tag-mre","tag-oea","tag-servidores","tag-sinditamaraty"],"_links":{"self":[{"href":"https:\/\/blogs.correiobraziliense.com.br\/servidor\/wp-json\/wp\/v2\/posts\/3099","targetHints":{"allow":["GET"]}}],"collection":[{"href":"https:\/\/blogs.correiobraziliense.com.br\/servidor\/wp-json\/wp\/v2\/posts"}],"about":[{"href":"https:\/\/blogs.correiobraziliense.com.br\/servidor\/wp-json\/wp\/v2\/types\/post"}],"author":[{"embeddable":true,"href":"https:\/\/blogs.correiobraziliense.com.br\/servidor\/wp-json\/wp\/v2\/users\/27"}],"replies":[{"embeddable":true,"href":"https:\/\/blogs.correiobraziliense.com.br\/servidor\/wp-json\/wp\/v2\/comments?post=3099"}],"version-history":[{"count":1,"href":"https:\/\/blogs.correiobraziliense.com.br\/servidor\/wp-json\/wp\/v2\/posts\/3099\/revisions"}],"predecessor-version":[{"id":3100,"href":"https:\/\/blogs.correiobraziliense.com.br\/servidor\/wp-json\/wp\/v2\/posts\/3099\/revisions\/3100"}],"wp:attachment":[{"href":"https:\/\/blogs.correiobraziliense.com.br\/servidor\/wp-json\/wp\/v2\/media?parent=3099"}],"wp:term":[{"taxonomy":"category","embeddable":true,"href":"https:\/\/blogs.correiobraziliense.com.br\/servidor\/wp-json\/wp\/v2\/categories?post=3099"},{"taxonomy":"post_tag","embeddable":true,"href":"https:\/\/blogs.correiobraziliense.com.br\/servidor\/wp-json\/wp\/v2\/tags?post=3099"}],"curies":[{"name":"wp","href":"https:\/\/api.w.org\/{rel}","templated":true}]}}