{"id":3090,"date":"2016-10-06T12:39:12","date_gmt":"2016-10-06T15:39:12","guid":{"rendered":"https:\/\/blogs.correiobraziliense.com.br\/servidor\/?p=3090"},"modified":"2016-10-06T12:39:12","modified_gmt":"2016-10-06T15:39:12","slug":"sindicatos-divididos-no-df","status":"publish","type":"post","link":"https:\/\/blogs.correiobraziliense.com.br\/servidor\/sindicatos-divididos-no-df\/","title":{"rendered":"Sindicatos divididos no DF"},"content":{"rendered":"<p><strong>ALESSANDRA AZEVEDO<\/strong><\/p>\n<p><strong>ESPECIAL PARA O CORREIO<\/strong><\/p>\n<p>No Distrito Federal, os sindicatos que representam servidores est\u00e3o divididos sobre a melhor forma de pressionar o governo a atender as reivindica\u00e7\u00f5es de reajuste salarial. Apesar de alguns planejarem um ato unificado amanh\u00e3, \u00e0s 10h, em frente ao Pal\u00e1cio do Buriti, o presidente da Central \u00danica dos Trabalhadores do DF (CUT-DF), Rodrigo Rodrigues, afirmou que a maioria vai esperar a pr\u00f3xima reuni\u00e3o com o GDF, prometida at\u00e9 o pr\u00f3ximo dia 16. \u201cComo o reajuste s\u00f3 entraria na folha de outubro, vamos aguardar. Tudo vai depender do resultado dessa negocia\u00e7\u00e3o\u201d, disse.<\/p>\n<p>\u201cEst\u00e1 na cara que o governo n\u00e3o vai pagar, s\u00f3 ficar\u00e1 adiando\u201d, afirmou o presidente do Sindicato dos M\u00e9dicos do DF (SindM\u00e9dicos), Gutemberg Fialho, em refer\u00eancia ao pronunciamento do secret\u00e1rio adjunto de Rela\u00e7\u00f5es Institucionais do GDF, Igor Tokarski, feito em 21 de setembro. Tokarski pediu prazo at\u00e9 16 de outubro, v\u00e9spera do fechamento das folhas de sal\u00e1rio, para se reunir novamente com os sindicatos. O encontro foi definido por Gutemberg como \u201cum pren\u00fancio do segundo calote\u201d.<\/p>\n<p>Descrentes, os funcion\u00e1rios da \u00e1rea da Sa\u00fade planejam paralisar as atividades antes de acabar o prazo. \u201cIsso \u00e9 s\u00f3 enrola\u00e7\u00e3o, n\u00e3o vai dar em nada. O governo n\u00e3o tem credibilidade nenhuma. N\u00e3o vamos esperar mais. Vai ter greve\u201d, garantiu a presidente do Sindicato dos Empregados em Estabelecimentos de Servi\u00e7os de Sa\u00fade (SindSa\u00fade), Marli Rodrigues.<\/p>\n","protected":false},"excerpt":{"rendered":"<p>ALESSANDRA AZEVEDO ESPECIAL PARA O CORREIO No Distrito Federal, os sindicatos que representam servidores est\u00e3o divididos sobre a melhor forma de pressionar o governo a atender as reivindica\u00e7\u00f5es de reajuste salarial. Apesar de alguns planejarem um ato unificado amanh\u00e3, \u00e0s 10h, em frente ao Pal\u00e1cio do Buriti, o presidente da Central \u00danica dos Trabalhadores do DF (CUT-DF), Rodrigo Rodrigues, afirmou [&hellip;]<\/p>\n","protected":false},"author":27,"featured_media":0,"comment_status":"open","ping_status":"closed","sticky":false,"template":"","format":"standard","meta":{"footnotes":""},"categories":[2719],"tags":[68,3802,98,2385,63,18,3801],"class_list":["post-3090","post","type-post","status-publish","format-standard","hentry","category-servidor","tag-df","tag-divididos","tag-governo","tag-pressionar","tag-reajuste","tag-salarial","tag-sindicatos"],"_links":{"self":[{"href":"https:\/\/blogs.correiobraziliense.com.br\/servidor\/wp-json\/wp\/v2\/posts\/3090","targetHints":{"allow":["GET"]}}],"collection":[{"href":"https:\/\/blogs.correiobraziliense.com.br\/servidor\/wp-json\/wp\/v2\/posts"}],"about":[{"href":"https:\/\/blogs.correiobraziliense.com.br\/servidor\/wp-json\/wp\/v2\/types\/post"}],"author":[{"embeddable":true,"href":"https:\/\/blogs.correiobraziliense.com.br\/servidor\/wp-json\/wp\/v2\/users\/27"}],"replies":[{"embeddable":true,"href":"https:\/\/blogs.correiobraziliense.com.br\/servidor\/wp-json\/wp\/v2\/comments?post=3090"}],"version-history":[{"count":1,"href":"https:\/\/blogs.correiobraziliense.com.br\/servidor\/wp-json\/wp\/v2\/posts\/3090\/revisions"}],"predecessor-version":[{"id":3091,"href":"https:\/\/blogs.correiobraziliense.com.br\/servidor\/wp-json\/wp\/v2\/posts\/3090\/revisions\/3091"}],"wp:attachment":[{"href":"https:\/\/blogs.correiobraziliense.com.br\/servidor\/wp-json\/wp\/v2\/media?parent=3090"}],"wp:term":[{"taxonomy":"category","embeddable":true,"href":"https:\/\/blogs.correiobraziliense.com.br\/servidor\/wp-json\/wp\/v2\/categories?post=3090"},{"taxonomy":"post_tag","embeddable":true,"href":"https:\/\/blogs.correiobraziliense.com.br\/servidor\/wp-json\/wp\/v2\/tags?post=3090"}],"curies":[{"name":"wp","href":"https:\/\/api.w.org\/{rel}","templated":true}]}}