{"id":3083,"date":"2016-10-05T18:00:54","date_gmt":"2016-10-05T21:00:54","guid":{"rendered":"https:\/\/blogs.correiobraziliense.com.br\/servidor\/?p=3083"},"modified":"2016-10-05T18:00:54","modified_gmt":"2016-10-05T21:00:54","slug":"para-74-das-empresas-os-30-dias-de-governo-temer-foram-neutros","status":"publish","type":"post","link":"https:\/\/blogs.correiobraziliense.com.br\/servidor\/para-74-das-empresas-os-30-dias-de-governo-temer-foram-neutros\/","title":{"rendered":"Para 74% das empresas, os 30 dias de governo Temer foram \u201cneutros\u201d"},"content":{"rendered":"<p><em>\u00a0Presidente ainda precisa demonstrar capacidade de reverter o cen\u00e1rio de recess\u00e3o, aponta pesquisa Amcham. <\/em><i>Na perspectiva de 54,4% dos entrevistados pela Amcham, Michel Temer conseguir\u00e1 liderar a aprova\u00e7\u00e3o da \u201cPEC 241 dos Gastos\u201d, mas seguir\u00e1 com propostas de aumento de impostos, apesar da declara\u00e7\u00e3o de que evitar\u00e1 a cria\u00e7\u00e3o de novos tributos.<\/i><\/p>\n<p>No \u00faltimo 31 de agosto, Michel Temer foi empossado presidente da Rep\u00fablica, ap\u00f3s o Senado afastar definitivamente Dilma Rousseff.\u00a0 Na avalia\u00e7\u00e3o de 74,2% das empresas, os primeiros 30 dias do novo governo foi \u201cneutro\u201d e, segundo pesquisa da C\u00e2mara Americana de Com\u00e9rcio (Amcham), os empres\u00e1rios seguem \u201caguardando medidas duras e demonstra\u00e7\u00e3o da capacidade de gest\u00e3o e de governabilidade do novo l\u00edder em reverter o cen\u00e1rio de recess\u00e3o da economia\u201d.<\/p>\n<p>Uma parcela de 20,6% dos 253 presidentes e diretores consultados pela Amcham avaliou de forma \u201cpositiva\u201d o primeiro m\u00eas de governo, identificando \u201ca condu\u00e7\u00e3o de boas iniciativas que dever\u00e3o reverter o cen\u00e1rio econ\u00f4mico negativo\u201d. J\u00e1 5,2% consideram \u201cnegativo\u201d as a\u00e7\u00f5es e medidas adotadas por Temer na presid\u00eancia. A pesquisa da Amcham foi realizada na manh\u00e3 de ter\u00e7a (4\/10) no Brasil 2017, em S\u00e3o Paulo.<\/p>\n<p><strong>Sentimento das empresas <\/strong><\/p>\n<p>Na hora de qualificar o humor da empresa em rela\u00e7\u00e3o \u00e0 economia brasileira na condu\u00e7\u00e3o do governo Temer em 2017, a maioria dos empres\u00e1rios (79,1%) afirmou estar \u201cesperan\u00e7osa\u201d e com expectativa de retomada no m\u00e9dio e longo prazo. Outros 11,9% est\u00e3o \u201cconfiantes\u201d e acreditam na retomada no curto prazo, e 9,1% registraram \u201cdesconfian\u00e7a\u201d com incertezas em rela\u00e7\u00e3o \u00e0 capacidade de retomada econ\u00f4mica com o novo presidente.<\/p>\n<p><strong>PEC dos Gastos aprovada, mas com aumento de impostos <\/strong><\/p>\n<p>Na perspectiva de 54,4% dos entrevistados pela Amcham, Michel Temer conseguir\u00e1 liderar a aprova\u00e7\u00e3o da \u201cPEC 241 dos Gastos\u201d, mas seguir\u00e1 no curto prazo com propostas de aumento de impostos, apesar de declara\u00e7\u00e3o dada, no \u00faltimo dia 30\/9, quando afirmou que a proposta evitar\u00e1 a cria\u00e7\u00e3o de novos tributos. Para 19,8%, a aprova\u00e7\u00e3o acontecer\u00e1 e n\u00e3o eliminar\u00e1 a necessidade de impostos extras. E 11,5% avaliam que Temer n\u00e3o ter\u00e1 capacidade de aprova\u00e7\u00e3o e cen\u00e1rio ser\u00e1 de aumento. J\u00e1 14,3% dos consultados n\u00e3o opinaram.<\/p>\n<p><strong>Prioridades, al\u00e9m do programa de concess\u00f5es <\/strong><\/p>\n<p>Na avalia\u00e7\u00e3o dos executivos, al\u00e9m do programa de concess\u00f5es, existem outras \u00e1reas priorit\u00e1rias para a reativa\u00e7\u00e3o da economia. S\u00e3o elas: <strong><u>produtiva (53,4%)<\/u><\/strong>, com a\u00e7\u00f5es que garantam a competitividade da ind\u00fastria; <strong><u>com\u00e9rcio exterior (15,8%)<\/u><\/strong>, com incentivos e acordos internacionais preferenciais, bilaterais e de converg\u00eancia regulat\u00f3ria;<strong> <u>educacional (15,8%),<\/u> <\/strong>com forma\u00e7\u00e3o t\u00e9cnica e de m\u00e3o de obra em \u00e1reas chaves como ci\u00eancias exatas, engenharia e de pesquisa;\u00a0 <u>e\u00a0 <strong>inova\u00e7\u00e3o (15%), <\/strong><\/u>com investimentos em pesquisa e desenvolvimento de produtos e servi\u00e7os.<\/p>\n","protected":false},"excerpt":{"rendered":"<p>\u00a0Presidente ainda precisa demonstrar capacidade de reverter o cen\u00e1rio de recess\u00e3o, aponta pesquisa Amcham. Na perspectiva de 54,4% dos entrevistados pela Amcham, Michel Temer conseguir\u00e1 liderar a aprova\u00e7\u00e3o da \u201cPEC 241 dos Gastos\u201d, mas seguir\u00e1 com propostas de aumento de impostos, apesar da declara\u00e7\u00e3o de que evitar\u00e1 a cria\u00e7\u00e3o de novos tributos. No \u00faltimo 31 de agosto, Michel Temer foi [&hellip;]<\/p>\n","protected":false},"author":27,"featured_media":0,"comment_status":"open","ping_status":"closed","sticky":false,"template":"","format":"standard","meta":{"footnotes":""},"categories":[2719],"tags":[3792,3790,1426,3789,390,98,3788,81,2595,3791,1895],"class_list":["post-3083","post","type-post","status-publish","format-standard","hentry","category-servidor","tag-amcham","tag-capacidade","tag-cenario","tag-demonstrar","tag-empresas","tag-governo","tag-neutro","tag-presidente","tag-recessao","tag-reverter","tag-temer"],"_links":{"self":[{"href":"https:\/\/blogs.correiobraziliense.com.br\/servidor\/wp-json\/wp\/v2\/posts\/3083","targetHints":{"allow":["GET"]}}],"collection":[{"href":"https:\/\/blogs.correiobraziliense.com.br\/servidor\/wp-json\/wp\/v2\/posts"}],"about":[{"href":"https:\/\/blogs.correiobraziliense.com.br\/servidor\/wp-json\/wp\/v2\/types\/post"}],"author":[{"embeddable":true,"href":"https:\/\/blogs.correiobraziliense.com.br\/servidor\/wp-json\/wp\/v2\/users\/27"}],"replies":[{"embeddable":true,"href":"https:\/\/blogs.correiobraziliense.com.br\/servidor\/wp-json\/wp\/v2\/comments?post=3083"}],"version-history":[{"count":1,"href":"https:\/\/blogs.correiobraziliense.com.br\/servidor\/wp-json\/wp\/v2\/posts\/3083\/revisions"}],"predecessor-version":[{"id":3084,"href":"https:\/\/blogs.correiobraziliense.com.br\/servidor\/wp-json\/wp\/v2\/posts\/3083\/revisions\/3084"}],"wp:attachment":[{"href":"https:\/\/blogs.correiobraziliense.com.br\/servidor\/wp-json\/wp\/v2\/media?parent=3083"}],"wp:term":[{"taxonomy":"category","embeddable":true,"href":"https:\/\/blogs.correiobraziliense.com.br\/servidor\/wp-json\/wp\/v2\/categories?post=3083"},{"taxonomy":"post_tag","embeddable":true,"href":"https:\/\/blogs.correiobraziliense.com.br\/servidor\/wp-json\/wp\/v2\/tags?post=3083"}],"curies":[{"name":"wp","href":"https:\/\/api.w.org\/{rel}","templated":true}]}}