{"id":3072,"date":"2016-10-05T14:30:26","date_gmt":"2016-10-05T17:30:26","guid":{"rendered":"https:\/\/blogs.correiobraziliense.com.br\/servidor\/?p=3072"},"modified":"2016-10-05T14:30:26","modified_gmt":"2016-10-05T17:30:26","slug":"cnj-abre-pad-e-afasta-juiz-do-tjal-por-possiveis-infracoes-disciplinares","status":"publish","type":"post","link":"https:\/\/blogs.correiobraziliense.com.br\/servidor\/cnj-abre-pad-e-afasta-juiz-do-tjal-por-possiveis-infracoes-disciplinares\/","title":{"rendered":"CNJ abre PAD e afasta juiz do TJAL por poss\u00edveis infra\u00e7\u00f5es disciplinares"},"content":{"rendered":"<p><em>O magistrado \u00e9 acusado de infra\u00e7\u00f5es disciplinares, como a solicita\u00e7\u00e3o de vantagem indevida de R$ 200 mil para decidir pela soltura de preso e de pagamento mensal em torno de R$ 50 mil para atuar em favor do prefeito da cidade. A organiza\u00e7\u00e3o criminosa inclui advogados e funcion\u00e1rios p\u00fablicos, na pr\u00e1tica de crime de explora\u00e7\u00e3o de prest\u00edgio.<\/em><\/p>\n<p>Por decis\u00e3o un\u00e2nime, o plen\u00e1rio do Conselho Nacional de Justi\u00e7a (CNJ) determinou a abertura de Processo Administrativo Disciplinar (PAD) contra o juiz Leo Denisson Bezerra de Almeida, da Comarca de Marechal Deodoro, em Alagoas, durante a 30\u00aa Sess\u00e3o Extraordin\u00e1ria do Conselho, nesta ter\u00e7a-feira (4\/10), no julgamento da Reclama\u00e7\u00e3o Disciplinar 0002655-47.2015.2.00.0000 movida pela Corregedoria Nacional de Justi\u00e7a.<\/p>\n<p>A ent\u00e3o corregedora Nancy Andrighi, relatora do caso \u00e0 \u00e9poca, prop\u00f4s a instaura\u00e7\u00e3o do PAD para apurar condutas imputadas ao juiz, caracterizadoras de poss\u00edveis infra\u00e7\u00f5es disciplinares, como a solicita\u00e7\u00e3o de vantagem indevida na ordem de R$ 200 mil para decidir pela soltura de preso e de recebimento de pagamento mensal em torno de R$ 50 mil para atuar em favor do prefeito da cidade.<\/p>\n<p>Depois de ter vista dos autos, o conselheiro Emmanoel Campelo averbou seu voto no mesmo sentido da relatora. \u201cAnalisando a documenta\u00e7\u00e3o acostada, verifiquei que consta a suspeita de uma poss\u00edvel organiza\u00e7\u00e3o criminosa na Comarca de Marechal Deodoro, composta por advogados e funcion\u00e1rios p\u00fablicos, voltada \u00e0 pr\u00e1tica, em princ\u00edpio, do crime de explora\u00e7\u00e3o de prest\u00edgio. Entendo que se revela prudente uma apura\u00e7\u00e3o rigorosa dos elementos probat\u00f3rios\u201d, disse.<\/p>\n<p><strong>Unanimidade<\/strong> &#8211; A decis\u00e3o foi acompanhada por unanimidade pelos demais conselheiros, que seguiram a relatora tamb\u00e9m quanto ao afastamento do magistrado de suas fun\u00e7\u00f5es, at\u00e9 a decis\u00e3o final do PAD, com a suspens\u00e3o das vantagens decorrentes do cargo, ressalvado o aux\u00edlio-moradia.<\/p>\n<p>Em seu voto, a presidente C\u00e1rmen L\u00facia frisou que, especificamente neste caso, como n\u00e3o participou dos debates anteriores, acompanharia a quest\u00e3o do afastamento com a suspens\u00e3o de todas as vantagens, inclusive parcelas. \u201cEu me reservo no direito de trazer para c\u00e1 exatamente o que significa a natureza de cada uma dessas vantagens. Repensarei a posi\u00e7\u00e3o deste plen\u00e1rio quanto ao aux\u00edlio-moradia ter car\u00e1ter indenizat\u00f3rio\u201d, afirmou.<\/p>\n","protected":false},"excerpt":{"rendered":"<p>O magistrado \u00e9 acusado de infra\u00e7\u00f5es disciplinares, como a solicita\u00e7\u00e3o de vantagem indevida de R$ 200 mil para decidir pela soltura de preso e de pagamento mensal em torno de R$ 50 mil para atuar em favor do prefeito da cidade. A organiza\u00e7\u00e3o criminosa inclui advogados e funcion\u00e1rios p\u00fablicos, na pr\u00e1tica de crime de explora\u00e7\u00e3o de prest\u00edgio. Por decis\u00e3o un\u00e2nime, [&hellip;]<\/p>\n","protected":false},"author":27,"featured_media":0,"comment_status":"open","ping_status":"closed","sticky":false,"template":"","format":"standard","meta":{"footnotes":""},"categories":[2719],"tags":[265,3771,254,3774,1341,3773,429,1391,151,24,3772,2259],"class_list":["post-3072","post","type-post","status-publish","format-standard","hentry","category-servidor","tag-advogados","tag-afasta","tag-cnj","tag-disciplinares","tag-funcionarios","tag-infracoes","tag-juiz","tag-pad","tag-pagamento","tag-publicos","tag-tjal","tag-vantagem"],"_links":{"self":[{"href":"https:\/\/blogs.correiobraziliense.com.br\/servidor\/wp-json\/wp\/v2\/posts\/3072","targetHints":{"allow":["GET"]}}],"collection":[{"href":"https:\/\/blogs.correiobraziliense.com.br\/servidor\/wp-json\/wp\/v2\/posts"}],"about":[{"href":"https:\/\/blogs.correiobraziliense.com.br\/servidor\/wp-json\/wp\/v2\/types\/post"}],"author":[{"embeddable":true,"href":"https:\/\/blogs.correiobraziliense.com.br\/servidor\/wp-json\/wp\/v2\/users\/27"}],"replies":[{"embeddable":true,"href":"https:\/\/blogs.correiobraziliense.com.br\/servidor\/wp-json\/wp\/v2\/comments?post=3072"}],"version-history":[{"count":1,"href":"https:\/\/blogs.correiobraziliense.com.br\/servidor\/wp-json\/wp\/v2\/posts\/3072\/revisions"}],"predecessor-version":[{"id":3073,"href":"https:\/\/blogs.correiobraziliense.com.br\/servidor\/wp-json\/wp\/v2\/posts\/3072\/revisions\/3073"}],"wp:attachment":[{"href":"https:\/\/blogs.correiobraziliense.com.br\/servidor\/wp-json\/wp\/v2\/media?parent=3072"}],"wp:term":[{"taxonomy":"category","embeddable":true,"href":"https:\/\/blogs.correiobraziliense.com.br\/servidor\/wp-json\/wp\/v2\/categories?post=3072"},{"taxonomy":"post_tag","embeddable":true,"href":"https:\/\/blogs.correiobraziliense.com.br\/servidor\/wp-json\/wp\/v2\/tags?post=3072"}],"curies":[{"name":"wp","href":"https:\/\/api.w.org\/{rel}","templated":true}]}}