{"id":3047,"date":"2016-10-04T11:51:21","date_gmt":"2016-10-04T14:51:21","guid":{"rendered":"https:\/\/blogs.correiobraziliense.com.br\/servidor\/?p=3047"},"modified":"2016-10-04T11:51:21","modified_gmt":"2016-10-04T14:51:21","slug":"retirada-de-pls-da-justica-do-trabalho-da-camara-dos-deputados","status":"publish","type":"post","link":"https:\/\/blogs.correiobraziliense.com.br\/servidor\/retirada-de-pls-da-justica-do-trabalho-da-camara-dos-deputados\/","title":{"rendered":"Retirada de PLs da Justi\u00e7a do Trabalho da C\u00e2mara dos Deputados"},"content":{"rendered":"<p>O presidente do Conselho Superior da Justi\u00e7a do Trabalho (CSJT), ministro Ives Gandra Martins Filho, vai se reunir hoje (4), \u00e0s 14h30, com o presidente da C\u00e2mara dos Deputados, Rodrigo Maia, para solicitar a retirada de todos os Projetos de Lei que est\u00e3o em tramita\u00e7\u00e3o na Casa e que disp\u00f5em sobre a cria\u00e7\u00e3o de cargos e Varas na Justi\u00e7a do Trabalho. Ao todo s\u00e3o 32 projetos.<\/p>\n<p>Esta \u00e9 uma das a\u00e7\u00f5es com o objetivo de evitar que a situa\u00e7\u00e3o or\u00e7ament\u00e1ria enfrentada pelos Tribunais Regionais do Trabalho \u00a0neste ano n\u00e3o se agrave em 2017, no entender do ministro.<\/p>\n<p>Local:<\/p>\n<p>Gabinete Rodrigo Maia \u2013 C\u00e2mara dos Deputados<\/p>\n<p>Dia 03\/10\/2016 \u2013 14h30<\/p>\n","protected":false},"excerpt":{"rendered":"<p>O presidente do Conselho Superior da Justi\u00e7a do Trabalho (CSJT), ministro Ives Gandra Martins Filho, vai se reunir hoje (4), \u00e0s 14h30, com o presidente da C\u00e2mara dos Deputados, Rodrigo Maia, para solicitar a retirada de todos os Projetos de Lei que est\u00e3o em tramita\u00e7\u00e3o na Casa e que disp\u00f5em sobre a cria\u00e7\u00e3o de cargos e Varas na Justi\u00e7a do [&hellip;]<\/p>\n","protected":false},"author":27,"featured_media":0,"comment_status":"open","ping_status":"closed","sticky":false,"template":"","format":"standard","meta":{"footnotes":""},"categories":[2719],"tags":[61,1298,3739,3738,2753,2274],"class_list":["post-3047","post","type-post","status-publish","format-standard","hentry","category-servidor","tag-camara","tag-deputados","tag-ives-gandra","tag-justica-trabalho","tag-pls","tag-retirada"],"_links":{"self":[{"href":"https:\/\/blogs.correiobraziliense.com.br\/servidor\/wp-json\/wp\/v2\/posts\/3047","targetHints":{"allow":["GET"]}}],"collection":[{"href":"https:\/\/blogs.correiobraziliense.com.br\/servidor\/wp-json\/wp\/v2\/posts"}],"about":[{"href":"https:\/\/blogs.correiobraziliense.com.br\/servidor\/wp-json\/wp\/v2\/types\/post"}],"author":[{"embeddable":true,"href":"https:\/\/blogs.correiobraziliense.com.br\/servidor\/wp-json\/wp\/v2\/users\/27"}],"replies":[{"embeddable":true,"href":"https:\/\/blogs.correiobraziliense.com.br\/servidor\/wp-json\/wp\/v2\/comments?post=3047"}],"version-history":[{"count":1,"href":"https:\/\/blogs.correiobraziliense.com.br\/servidor\/wp-json\/wp\/v2\/posts\/3047\/revisions"}],"predecessor-version":[{"id":3048,"href":"https:\/\/blogs.correiobraziliense.com.br\/servidor\/wp-json\/wp\/v2\/posts\/3047\/revisions\/3048"}],"wp:attachment":[{"href":"https:\/\/blogs.correiobraziliense.com.br\/servidor\/wp-json\/wp\/v2\/media?parent=3047"}],"wp:term":[{"taxonomy":"category","embeddable":true,"href":"https:\/\/blogs.correiobraziliense.com.br\/servidor\/wp-json\/wp\/v2\/categories?post=3047"},{"taxonomy":"post_tag","embeddable":true,"href":"https:\/\/blogs.correiobraziliense.com.br\/servidor\/wp-json\/wp\/v2\/tags?post=3047"}],"curies":[{"name":"wp","href":"https:\/\/api.w.org\/{rel}","templated":true}]}}