{"id":3039,"date":"2016-10-03T17:54:56","date_gmt":"2016-10-03T20:54:56","guid":{"rendered":"https:\/\/blogs.correiobraziliense.com.br\/servidor\/?p=3039"},"modified":"2016-10-03T17:54:56","modified_gmt":"2016-10-03T20:54:56","slug":"especialistas-ampliam-debates-sobre-previdencia-social","status":"publish","type":"post","link":"https:\/\/blogs.correiobraziliense.com.br\/servidor\/especialistas-ampliam-debates-sobre-previdencia-social\/","title":{"rendered":"Especialistas ampliam debates sobre a Previd\u00eancia Social"},"content":{"rendered":"<p>O grupo de trabalho formado por especialistas e acad\u00eamicos, coordenados pela Anfip, Funda\u00e7\u00e3o ANFIP e Dieese, se reuniu nesta segunda-feira (3) na sede da Anfip, em Bras\u00edlia (DF), para dar continuidade \u00e0 discuss\u00e3o de propostas para o aperfei\u00e7oamento do seguro social brasileiro. \u00c9 o segundo encontro. O primeiro foi em 21 de setembro (lembre <a href=\"http:\/\/www.anfip.org.br\/informacoes\/noticias\/Especialistas-iniciam-debates-sobre-a-Previdencia-Social_21-09-2016\">aqui<\/a>).<\/p>\n<p>O presidente da Anfip, Vilson Antonio Romero, explicou que o objetivo \u00e9 construir um documento com propostas de inclus\u00e3o social e desmistificar as mudan\u00e7as param\u00e9tricas que vir\u00e3o com a reforma da Previd\u00eancia. A presidente da Funda\u00e7\u00e3o Anfip, Maria Inez Maranh\u00e3o, tamb\u00e9m coordena os trabalhos desta segunda-feira. A pr\u00f3xima reuni\u00e3o est\u00e1 prevista para o dia 19 de outubro.<\/p>\n<p>O grupo \u00e9 integrado por representantes do Ipea, C\u00e2mara dos Deputados, Dieese, Unicamp, UFRJ, PUC-SP, entre outros. Entre uma reuni\u00e3o e outra, os integrantes desenvolvem suas an\u00e1lises remotamente. O estudo deve ser conclu\u00eddo at\u00e9 meados de dezembro e ser\u00e1 encaminhado ao governo federal e ao Congresso Nacional. A inten\u00e7\u00e3o \u00e9 contribuir para o debate que ser\u00e1 feito no Legislativo a partir de proposta a ser enviada pelo Pal\u00e1cio do Planalto sobre a Previd\u00eancia Social.<\/p>\n<p>Participantes desta segunda-feira (3):<\/p>\n<p>Vilson Antonio Romero (ANFIP)<\/p>\n<p>Floriano Jos\u00e9 Martins (ANFIP)<\/p>\n<p>Vanderley Ma\u00e7aneiro (ANFIP)<\/p>\n<p>Denise Gentil (UFRJ)<\/p>\n<p>Cl\u00f3vis Scherer (Dieese)<\/p>\n<p>Antonio Ibarra (Dieese)<\/p>\n<p>Maria de F\u00e1tima Guerra (Dieese)<\/p>\n<p>Paulo Kliass (Minist\u00e9rio do Planejamento, Desenvolvimento e Gest\u00e3o)<\/p>\n<p>Rosa Maria Marques (PUC-SP)<\/p>\n<p>Chico Couto (OAB)<\/p>\n<p>Andrea Barreto de Paiva (Ipea)<\/p>\n<p>Marcelo Galiza (Ipea)<\/p>\n<p>Joana Mostafa (Ipea)<\/p>\n<p>Andr\u00e9 Calixtre (Ipea)<\/p>\n<p>Eliane Ara\u00fajo (Universidade Estadual de Maring\u00e1)<\/p>\n<p>Caio Corr\u00eaa (Congresso em Foco)<\/p>\n<p>Evandro Jos\u00e9 Morello (Contag)<\/p>\n<p>Jane Berwanger (IBDP)<\/p>\n<p>Grazielle Cust\u00f3dio David (Inesc)<\/p>\n<p>Jorge Abrah\u00e3o<\/p>\n","protected":false},"excerpt":{"rendered":"<p>O grupo de trabalho formado por especialistas e acad\u00eamicos, coordenados pela Anfip, Funda\u00e7\u00e3o ANFIP e Dieese, se reuniu nesta segunda-feira (3) na sede da Anfip, em Bras\u00edlia (DF), para dar continuidade \u00e0 discuss\u00e3o de propostas para o aperfei\u00e7oamento do seguro social brasileiro. \u00c9 o segundo encontro. O primeiro foi em 21 de setembro (lembre aqui). O presidente da Anfip, Vilson [&hellip;]<\/p>\n","protected":false},"author":27,"featured_media":0,"comment_status":"open","ping_status":"closed","sticky":false,"template":"","format":"standard","meta":{"footnotes":""},"categories":[2719],"tags":[2287,771,61,847,2026,382,2027,1603,3735,3734,3733],"class_list":["post-3039","post","type-post","status-publish","format-standard","hentry","category-servidor","tag-ampliam","tag-anfip","tag-camara","tag-debate","tag-dieese","tag-especialistas","tag-ipea","tag-previdencia-social","tag-puc-sp","tag-ufrj","tag-unicamp"],"_links":{"self":[{"href":"https:\/\/blogs.correiobraziliense.com.br\/servidor\/wp-json\/wp\/v2\/posts\/3039","targetHints":{"allow":["GET"]}}],"collection":[{"href":"https:\/\/blogs.correiobraziliense.com.br\/servidor\/wp-json\/wp\/v2\/posts"}],"about":[{"href":"https:\/\/blogs.correiobraziliense.com.br\/servidor\/wp-json\/wp\/v2\/types\/post"}],"author":[{"embeddable":true,"href":"https:\/\/blogs.correiobraziliense.com.br\/servidor\/wp-json\/wp\/v2\/users\/27"}],"replies":[{"embeddable":true,"href":"https:\/\/blogs.correiobraziliense.com.br\/servidor\/wp-json\/wp\/v2\/comments?post=3039"}],"version-history":[{"count":1,"href":"https:\/\/blogs.correiobraziliense.com.br\/servidor\/wp-json\/wp\/v2\/posts\/3039\/revisions"}],"predecessor-version":[{"id":3040,"href":"https:\/\/blogs.correiobraziliense.com.br\/servidor\/wp-json\/wp\/v2\/posts\/3039\/revisions\/3040"}],"wp:attachment":[{"href":"https:\/\/blogs.correiobraziliense.com.br\/servidor\/wp-json\/wp\/v2\/media?parent=3039"}],"wp:term":[{"taxonomy":"category","embeddable":true,"href":"https:\/\/blogs.correiobraziliense.com.br\/servidor\/wp-json\/wp\/v2\/categories?post=3039"},{"taxonomy":"post_tag","embeddable":true,"href":"https:\/\/blogs.correiobraziliense.com.br\/servidor\/wp-json\/wp\/v2\/tags?post=3039"}],"curies":[{"name":"wp","href":"https:\/\/api.w.org\/{rel}","templated":true}]}}