{"id":3029,"date":"2016-10-03T14:33:00","date_gmt":"2016-10-03T17:33:00","guid":{"rendered":"https:\/\/blogs.correiobraziliense.com.br\/servidor\/?p=3029"},"modified":"2016-10-03T19:03:49","modified_gmt":"2016-10-03T22:03:49","slug":"ministro-jose-serra-descumpre-decisao-do-stj-e-corta-salario-de-grevistas","status":"publish","type":"post","link":"https:\/\/blogs.correiobraziliense.com.br\/servidor\/ministro-jose-serra-descumpre-decisao-do-stj-e-corta-salario-de-grevistas\/","title":{"rendered":"Ministro Jos\u00e9 Serra descumpre decis\u00e3o do STJ e corta sal\u00e1rio de grevistas"},"content":{"rendered":"<p dir=\"ltr\"><em>Sinditamaraty informou que o Minist\u00e9rio das Rela\u00e7\u00f5es Exteriores (MRE) descumpriu determina\u00e7\u00e3o do Superior Tribunal de Justi\u00e7a (STJ) e descontou, nesta segunda-feira (03), os dias parados de servidores que aderiram ao movimento grevista, mesmo depois de a categoria decidir voltar ao trabalho<br \/>\n<\/em><\/p>\n<p dir=\"ltr\">Para a presidente do Sindicato Nacional dos Servidores do Minist\u00e9rio das Rela\u00e7\u00f5es (Sinditamaraty), Suellen Paz, a medida evidencia a falta de disposi\u00e7\u00e3o do governo federal em negociar com a categoria.<\/p>\n<p dir=\"ltr\">Duas semanas ap\u00f3s o in\u00edcio da greve, iniciada em 22 de agosto, o Itamaraty comunicou o lan\u00e7amento de faltas para o servidor que n\u00e3o registrasse frequ\u00eancia, com o consequente desconto de sal\u00e1rio. Para impedir o corte, o Sinditamaraty entrou com a\u00e7\u00e3o no STJ que determinou\u00a0a suspens\u00e3o por 30 dias do desconto no contracheque dos funcion\u00e1rios do Itamaraty,\u00a0per\u00edodo no qual as partes deveriam buscar acordo para acabar com a greve e repor os dias parados.<\/p>\n<p dir=\"ltr\">Os servidores do Itamaraty reivindicam a equipara\u00e7\u00e3o da remunera\u00e7\u00e3o do Servi\u00e7o Exterior Brasileiros \u00e0s demais carreiras t\u00edpicas de Estado correlatas. No caso das carreiras de chancelaria, por exemplo, s\u00e3o pagos os menores subs\u00eddios de n\u00edvel m\u00e9dio e de n\u00edvel superior dentro das carreiras t\u00edpicas de Estado, que incluem tamb\u00e9m servidores da Pol\u00edcia Federal, do Tesouro Nacional e da Receita Federal, por exemplo. A greve que durou 44 dias teve a ades\u00e3o de servidores no Brasil e em 112 reparti\u00e7\u00f5es diplom\u00e1ticas pelo mundo.<\/p>\n<p>&nbsp;<\/p>\n<p class=\"m_3457357152187556435MsoPlainText\">\n","protected":false},"excerpt":{"rendered":"<p>Sinditamaraty informou que o Minist\u00e9rio das Rela\u00e7\u00f5es Exteriores (MRE) descumpriu determina\u00e7\u00e3o do Superior Tribunal de Justi\u00e7a (STJ) e descontou, nesta segunda-feira (03), os dias parados de servidores que aderiram ao movimento grevista, mesmo depois de a categoria decidir voltar ao trabalho Para a presidente do Sindicato Nacional dos Servidores do Minist\u00e9rio das Rela\u00e7\u00f5es (Sinditamaraty), Suellen Paz, a medida evidencia a [&hellip;]<\/p>\n","protected":false},"author":27,"featured_media":0,"comment_status":"open","ping_status":"closed","sticky":false,"template":"","format":"standard","meta":{"footnotes":""},"categories":[2719],"tags":[55,2279,1248,1944,1371,56,3664,2463,2126,1620,643,58,1040],"class_list":["post-3029","post","type-post","status-publish","format-standard","hentry","category-servidor","tag-carreiras","tag-corta","tag-decisao","tag-descumpre","tag-equiparacao","tag-estado","tag-grevistas","tag-jose-serra","tag-mre","tag-remuneracao","tag-salario","tag-servidores","tag-stj"],"_links":{"self":[{"href":"https:\/\/blogs.correiobraziliense.com.br\/servidor\/wp-json\/wp\/v2\/posts\/3029","targetHints":{"allow":["GET"]}}],"collection":[{"href":"https:\/\/blogs.correiobraziliense.com.br\/servidor\/wp-json\/wp\/v2\/posts"}],"about":[{"href":"https:\/\/blogs.correiobraziliense.com.br\/servidor\/wp-json\/wp\/v2\/types\/post"}],"author":[{"embeddable":true,"href":"https:\/\/blogs.correiobraziliense.com.br\/servidor\/wp-json\/wp\/v2\/users\/27"}],"replies":[{"embeddable":true,"href":"https:\/\/blogs.correiobraziliense.com.br\/servidor\/wp-json\/wp\/v2\/comments?post=3029"}],"version-history":[{"count":4,"href":"https:\/\/blogs.correiobraziliense.com.br\/servidor\/wp-json\/wp\/v2\/posts\/3029\/revisions"}],"predecessor-version":[{"id":3046,"href":"https:\/\/blogs.correiobraziliense.com.br\/servidor\/wp-json\/wp\/v2\/posts\/3029\/revisions\/3046"}],"wp:attachment":[{"href":"https:\/\/blogs.correiobraziliense.com.br\/servidor\/wp-json\/wp\/v2\/media?parent=3029"}],"wp:term":[{"taxonomy":"category","embeddable":true,"href":"https:\/\/blogs.correiobraziliense.com.br\/servidor\/wp-json\/wp\/v2\/categories?post=3029"},{"taxonomy":"post_tag","embeddable":true,"href":"https:\/\/blogs.correiobraziliense.com.br\/servidor\/wp-json\/wp\/v2\/tags?post=3029"}],"curies":[{"name":"wp","href":"https:\/\/api.w.org\/{rel}","templated":true}]}}