{"id":3025,"date":"2016-10-03T12:29:03","date_gmt":"2016-10-03T15:29:03","guid":{"rendered":"https:\/\/blogs.correiobraziliense.com.br\/servidor\/?p=3025"},"modified":"2016-10-03T12:29:03","modified_gmt":"2016-10-03T15:29:03","slug":"analistas-tributario-da-receita-federal-param-tres-dias-consecutivos","status":"publish","type":"post","link":"https:\/\/blogs.correiobraziliense.com.br\/servidor\/analistas-tributario-da-receita-federal-param-tres-dias-consecutivos\/","title":{"rendered":"Analistas-tribut\u00e1rios da Receita Federal param tr\u00eas dias consecutivos"},"content":{"rendered":"<p><em>A categoria reivindica a corre\u00e7\u00e3o das graves diverg\u00eancias introduzidas no PL 5864\/2016. De acordo com o Sindicato Nacional da categoria (Sindireceita), foram adicionados trechos que n\u00e3o estavam no acordo dos analistas e nem de nenhuma outra categoria, que tentam descaracterizar o cargo. Por isso, a classe vai cruzar os bra\u00e7os nas unidades de todo o pa\u00eds, com opera\u00e7\u00e3o padr\u00e3o nas \u00e1reas aduaneiras<\/em><\/p>\n<p>Analistas-tribut\u00e1rios da Receita Federal do Brasil (RFB) intensificam nesta ter\u00e7a, quarta e quinta-feira, 4, 5 e 6 de outubro, a paralisa\u00e7\u00e3o da categoria contra a pauta n\u00e3o remunerat\u00f3ria (PNR) inserida no Projeto de Lei (PL) n\u00ba 5.864\/2016, que disp\u00f5e sobre a carreira tribut\u00e1ria e aduaneira da Receita, institui o programa de remunera\u00e7\u00e3o vari\u00e1vel, entre outras provid\u00eancias. A paralisa\u00e7\u00e3o foi confirmada pela categoria em Assembleia Geral Nacional Unificada (AGNU), em 30 de agosto a 1\u00ba de setembro.<\/p>\n<p>&nbsp;<\/p>\n","protected":false},"excerpt":{"rendered":"<p>A categoria reivindica a corre\u00e7\u00e3o das graves diverg\u00eancias introduzidas no PL 5864\/2016. De acordo com o Sindicato Nacional da categoria (Sindireceita), foram adicionados trechos que n\u00e3o estavam no acordo dos analistas e nem de nenhuma outra categoria, que tentam descaracterizar o cargo. Por isso, a classe vai cruzar os bra\u00e7os nas unidades de todo o pa\u00eds, com opera\u00e7\u00e3o padr\u00e3o nas [&hellip;]<\/p>\n","protected":false},"author":27,"featured_media":0,"comment_status":"open","ping_status":"closed","sticky":false,"template":"","format":"standard","meta":{"footnotes":""},"categories":[2719],"tags":[511,759,2153,3725,3726,294,459],"class_list":["post-3025","post","type-post","status-publish","format-standard","hentry","category-servidor","tag-analistas-tributarios","tag-correcao","tag-divergencia","tag-parados","tag-pl-58642016","tag-receita-federal","tag-sindireceita"],"_links":{"self":[{"href":"https:\/\/blogs.correiobraziliense.com.br\/servidor\/wp-json\/wp\/v2\/posts\/3025","targetHints":{"allow":["GET"]}}],"collection":[{"href":"https:\/\/blogs.correiobraziliense.com.br\/servidor\/wp-json\/wp\/v2\/posts"}],"about":[{"href":"https:\/\/blogs.correiobraziliense.com.br\/servidor\/wp-json\/wp\/v2\/types\/post"}],"author":[{"embeddable":true,"href":"https:\/\/blogs.correiobraziliense.com.br\/servidor\/wp-json\/wp\/v2\/users\/27"}],"replies":[{"embeddable":true,"href":"https:\/\/blogs.correiobraziliense.com.br\/servidor\/wp-json\/wp\/v2\/comments?post=3025"}],"version-history":[{"count":1,"href":"https:\/\/blogs.correiobraziliense.com.br\/servidor\/wp-json\/wp\/v2\/posts\/3025\/revisions"}],"predecessor-version":[{"id":3026,"href":"https:\/\/blogs.correiobraziliense.com.br\/servidor\/wp-json\/wp\/v2\/posts\/3025\/revisions\/3026"}],"wp:attachment":[{"href":"https:\/\/blogs.correiobraziliense.com.br\/servidor\/wp-json\/wp\/v2\/media?parent=3025"}],"wp:term":[{"taxonomy":"category","embeddable":true,"href":"https:\/\/blogs.correiobraziliense.com.br\/servidor\/wp-json\/wp\/v2\/categories?post=3025"},{"taxonomy":"post_tag","embeddable":true,"href":"https:\/\/blogs.correiobraziliense.com.br\/servidor\/wp-json\/wp\/v2\/tags?post=3025"}],"curies":[{"name":"wp","href":"https:\/\/api.w.org\/{rel}","templated":true}]}}