{"id":3021,"date":"2016-09-30T18:34:48","date_gmt":"2016-09-30T21:34:48","guid":{"rendered":"https:\/\/blogs.correiobraziliense.com.br\/servidor\/?p=3021"},"modified":"2016-09-30T18:34:48","modified_gmt":"2016-09-30T21:34:48","slug":"bancarios-greve-cresce-no-25o-dia","status":"publish","type":"post","link":"https:\/\/blogs.correiobraziliense.com.br\/servidor\/bancarios-greve-cresce-no-25o-dia\/","title":{"rendered":"Banc\u00e1rios &#8211; Greve cresce no 25\u00ba dia"},"content":{"rendered":"<p>Os banc\u00e1rios chegam ao 25\u00ba dia de greve com o movimento crescendo em rela\u00e7\u00e3o ao dia anterior diante da falta de proposta decente dos banqueiros, mesmo enfrentando forte repress\u00e3o ao movimento por parte dos bancos, informou a Contraf-CUT.\u00a0 Hoje (30) em todo o pa\u00eds 13.358 ag\u00eancias tiveram suas atividades paralisadas, o que corresponde 57% do total e 34 centros administrativos.<\/p>\n<p>\u201cNossa greve continua forte e indignada. Estamos lutando por dignidade e respeito, mas tivemos um dia muito dif\u00edcil. O ass\u00e9dio foi permanente, as amea\u00e7as aos grevistas foram violentas, a retirada de nosso material que avisa a popula\u00e7\u00e3o que aquele local aderiu \u00e9 feita para parecer que o local n\u00e3o est\u00e1 na greve, os interditos choveram para todos os lados.\u00a0 A OAB Pernambuco chegou a pedir a pris\u00e3o da presidenta do Sindicato de Banc\u00e1rios de l\u00e1.\u00a0 Os banqueiros tentaram de todas as formas desestruturar pessoas que lutam por seus direitos e por suas fam\u00edlias.\u00a0 Elas n\u00e3o fraquejaram.\u00a0 Os banc\u00e1rios e as banc\u00e1rias mais uma vez mostraram seu valor e obstina\u00e7\u00e3o. Continuaremos fortes na luta. Cada um de n\u00f3s sabe, cada vez com mais convic\u00e7\u00e3o, que S\u00f3 a luta te garante!\u201d, afirma Roberto von der Osten, presidente da Contraf-CUT.<\/p>\n<p><strong>Greve recebe apoios de outros pa\u00edses<\/strong><\/p>\n<p>A Contraf-CUT informou que est\u00e1 recebendo cartas de apoio de sindicatos de diversos pa\u00edses: \u201cA visibilidade de nossa greve est\u00e1 muito grande e a pr\u00f3pria m\u00eddia fica procurando entender as raz\u00f5es para os bancos n\u00e3o atenderem as reivindica\u00e7\u00f5es, inclusive a m\u00eddia internacional. Sabem que o setor n\u00e3o passa por dificuldades. Ao contr\u00e1rio, lucraram bilh\u00f5es. A recente divulga\u00e7\u00e3o das taxas de juros que eles cobram dos clientes mostrou isso. A taxa de juros do supercheque, por exemplo, chegou ao incr\u00edvel patamar de 321,1% ao ano, subindo 2,7% s\u00f3 no \u00faltimo m\u00eas e crescendo 34,1% desde dezembro de 2015. Escandaloso se comparar com a recusa intransigente de reajustar decentemente nosso sal\u00e1rio\u201d destaca Roberto.<\/p>\n<p><strong>Perdas salariais aos banc\u00e1rios e juros no cart\u00e3o de 475%<\/strong><\/p>\n<p>Os banc\u00e1rios acumularam uma redu\u00e7\u00e3o salarial de 9,62% desde agosto do ano passado e os bancos recusam a fazer minimamente a corre\u00e7\u00e3o disso. Os bancos oferecem 7%, o que vai causar uma perda de 2,39%.<\/p>\n<p>\u201cE se a gente considerar que os juros do cart\u00e3o de cr\u00e9dito, onde eles cobram 475% ao ano, subiram 43,88% s\u00f3 este ano acha que \u00e9 uma piada a recusa em reajustar o nosso sal\u00e1rio. Desconfiamos que \u00e9 algum tipo de acordo com algum plano de ajuste fiscal deste governo. S\u00f3 isto explicaria\u201d afirma o presidente da Contraf-CUT.<\/p>\n<p><strong>Principais reivindica\u00e7\u00f5es<\/strong><\/p>\n<p><strong>Reajuste salarial<\/strong>: Reposi\u00e7\u00e3o da infla\u00e7\u00e3o (9,62%) mais 5% de aumento real.<\/p>\n<p><strong>PLR<\/strong>: 3 sal\u00e1rios mais R$ 8.317,90.<\/p>\n<p><strong>Piso<\/strong>: R$ 3.940,24 (equivalente ao sal\u00e1rio m\u00ednimo do Dieese em valores de junho \u00faltimo).<\/p>\n<p><strong>Vale alimenta\u00e7\u00e3o<\/strong>: R$ 880,00 ao m\u00eas (valor do sal\u00e1rio m\u00ednimo).<\/p>\n<p><strong>Vale refei\u00e7\u00e3o<\/strong>: R$ 880,00 ao m\u00eas.<\/p>\n<p><strong>13\u00aa cesta<\/strong>\u00a0e aux\u00edlio-creche\/bab\u00e1: R$ 880,00 ao m\u00eas..<\/p>\n<p><strong>Melhores condi\u00e7\u00f5es de trabalho<\/strong>\u00a0com o fim das metas abusivas e do ass\u00e9dio moral que adoecem os banc\u00e1rios.<\/p>\n<p><strong>Emprego<\/strong>: fim das demiss\u00f5es, mais contrata\u00e7\u00f5es, fim da rotatividade e combate \u00e0s terceiriza\u00e7\u00f5es diante dos riscos de aprova\u00e7\u00e3o do PLC 30\/15 no Senado Federal, al\u00e9m da ratifica\u00e7\u00e3o da Conven\u00e7\u00e3o 158 da OIT, que co\u00edbe dispensas imotivadas.<\/p>\n<p><strong>Carreira:<\/strong>\u00a0Plano de Cargos, Carreiras e Sal\u00e1rios (PCCS): para todos os banc\u00e1rios.<\/p>\n<p><strong>Aux\u00edlio-educa\u00e7\u00e3o<\/strong>: pagamento para gradua\u00e7\u00e3o e p\u00f3s.<\/p>\n<p><strong>Seguran\u00e7a<\/strong>: Preven\u00e7\u00e3o contra assaltos e sequestros: perman\u00eancia de dois vigilantes por andar nas ag\u00eancias e pontos de servi\u00e7os banc\u00e1rios, conforme legisla\u00e7\u00e3o. Instala\u00e7\u00e3o de portas girat\u00f3rias com detector de metais na entrada das \u00e1reas de autoatendimento e biombos nos caixas. Abertura e fechamento remoto das ag\u00eancias, fim da guarda das chaves por funcion\u00e1rios.<\/p>\n<p><strong>Igualdade de oportunidades<\/strong>: fim \u00e0s discrimina\u00e7\u00f5es nos sal\u00e1rios e na ascens\u00e3o profissional de mulheres, negros, gays, l\u00e9sbicas, transexuais e pessoas com defici\u00eancia (PCDs).<\/p>\n","protected":false},"excerpt":{"rendered":"<p>Os banc\u00e1rios chegam ao 25\u00ba dia de greve com o movimento crescendo em rela\u00e7\u00e3o ao dia anterior diante da falta de proposta decente dos banqueiros, mesmo enfrentando forte repress\u00e3o ao movimento por parte dos bancos, informou a Contraf-CUT.\u00a0 Hoje (30) em todo o pa\u00eds 13.358 ag\u00eancias tiveram suas atividades paralisadas, o que corresponde 57% do total e 34 centros administrativos. [&hellip;]<\/p>\n","protected":false},"author":27,"featured_media":0,"comment_status":"open","ping_status":"closed","sticky":false,"template":"","format":"standard","meta":{"footnotes":""},"categories":[2719],"tags":[463,1013,3668,305,3722,15,540,3723,54,3233,18],"class_list":["post-3021","post","type-post","status-publish","format-standard","hentry","category-servidor","tag-atividades","tag-bancarios","tag-banqueiros","tag-campanha","tag-cresce","tag-greve","tag-movimento","tag-paralisadas","tag-proposta","tag-repressao","tag-salarial"],"_links":{"self":[{"href":"https:\/\/blogs.correiobraziliense.com.br\/servidor\/wp-json\/wp\/v2\/posts\/3021","targetHints":{"allow":["GET"]}}],"collection":[{"href":"https:\/\/blogs.correiobraziliense.com.br\/servidor\/wp-json\/wp\/v2\/posts"}],"about":[{"href":"https:\/\/blogs.correiobraziliense.com.br\/servidor\/wp-json\/wp\/v2\/types\/post"}],"author":[{"embeddable":true,"href":"https:\/\/blogs.correiobraziliense.com.br\/servidor\/wp-json\/wp\/v2\/users\/27"}],"replies":[{"embeddable":true,"href":"https:\/\/blogs.correiobraziliense.com.br\/servidor\/wp-json\/wp\/v2\/comments?post=3021"}],"version-history":[{"count":1,"href":"https:\/\/blogs.correiobraziliense.com.br\/servidor\/wp-json\/wp\/v2\/posts\/3021\/revisions"}],"predecessor-version":[{"id":3022,"href":"https:\/\/blogs.correiobraziliense.com.br\/servidor\/wp-json\/wp\/v2\/posts\/3021\/revisions\/3022"}],"wp:attachment":[{"href":"https:\/\/blogs.correiobraziliense.com.br\/servidor\/wp-json\/wp\/v2\/media?parent=3021"}],"wp:term":[{"taxonomy":"category","embeddable":true,"href":"https:\/\/blogs.correiobraziliense.com.br\/servidor\/wp-json\/wp\/v2\/categories?post=3021"},{"taxonomy":"post_tag","embeddable":true,"href":"https:\/\/blogs.correiobraziliense.com.br\/servidor\/wp-json\/wp\/v2\/tags?post=3021"}],"curies":[{"name":"wp","href":"https:\/\/api.w.org\/{rel}","templated":true}]}}