{"id":3015,"date":"2016-09-30T17:36:26","date_gmt":"2016-09-30T20:36:26","guid":{"rendered":"https:\/\/blogs.correiobraziliense.com.br\/servidor\/?p=3015"},"modified":"2016-09-30T17:36:26","modified_gmt":"2016-09-30T20:36:26","slug":"anfip-e-dieese-retomam-debate-sobre-previdencia-social","status":"publish","type":"post","link":"https:\/\/blogs.correiobraziliense.com.br\/servidor\/anfip-e-dieese-retomam-debate-sobre-previdencia-social\/","title":{"rendered":"Anfip e Dieese retomam debate sobre a Previd\u00eancia Social"},"content":{"rendered":"<p>Com o objetivo de criar subs\u00eddios para as atuais discuss\u00f5es a respeito da reforma da Previd\u00eancia Social, que dever\u00e1 ser encaminhada pelo governo ao Congresso Nacional em breve, a Associa\u00e7\u00e3o Nacional dos Auditores da Receita Federal (Anfip), a Funda\u00e7\u00e3o Anfip e o Departamento Intersindical de Estat\u00edstica e Estudos Socioecon\u00f4micos (Dieese) convidaram os principais estudiosos e acad\u00eamicos brasileiros para discutir o tema. O grupo volta a se reunir na segunda-feira (3), em Bras\u00edlia.<\/p>\n<p>Os t\u00e9cnicos preparam um conjunto de alternativas para a inclus\u00e3o social a partir do atual regime previdenci\u00e1rio, existente h\u00e1 mais de 90 anos no Brasil. O documento deve ser conclu\u00eddo at\u00e9 meados de dezembro e ser\u00e1 encaminhado ao governo federal e ao Congresso Nacional. Esta \u00e9 a segunda reuni\u00e3o, numa a\u00e7\u00e3o que teve in\u00edcio no dia 21 de setembro.<\/p>\n<p>O presidente da Anfip, Vilson Antonio Romero, adianta que \u00e9 preciso compromisso social ao discutir qualquer altera\u00e7\u00e3o no modelo de Seguridade do Brasil. \u201cA nossa Previd\u00eancia \u00e9 o maior programa de distribui\u00e7\u00e3o de renda do mundo ocidental, ent\u00e3o, temos de lidar com ela com a devida aten\u00e7\u00e3o e cuidado. N\u00e3o \u00e9 hora de discursos superficiais ou oportunistas, e sim de an\u00e1lises t\u00e9cnicas, baseadas em informa\u00e7\u00f5es que assegurem o interesse da sociedade brasileira\u201d, observa.<\/p>\n<p>A professora de Economia da UFRJ Denise Gentil, uma das coordenadoras do estudo, refor\u00e7a que \u00e9 necess\u00e1rio, al\u00e9m de unificar o debate sobre a Previd\u00eancia, compartilhar conhecimento. Segundo ela, o grupo vai elaborar uma proposta que inclua aqueles que ainda est\u00e3o fora do sistema de cobertura previdenci\u00e1ria. \u201cVamos enfrentar o processo de reforma que o governo quer propor, uma reforma de retrocesso, e vamos nos posicionar em rela\u00e7\u00e3o a cada ponto. \u00c9 um trabalho de luta, de posicionamento\u201d, explica.<\/p>\n<p>Os trabalhos s\u00e3o coordenados pelos mestres D\u00e9cio Bruno Lopes e Denise Gentil e pelo economista Eduardo Fagnani. O grupo \u00e9 integrado ainda pelo diretor t\u00e9cnico do Dieese, Clemente Ganz L\u00facio; Guilherme Delgado, Paulo Kliass, Andr\u00e9 Calixtre, Rodrigo Oct\u00e1vio Orair, Ana Cleusa Mesquista e Andrea Barreto de Paiva, todos do IPEA; Fl\u00e1vio Tonelli, da C\u00e2mara dos Deputados; Clovis Scherer, Antonio Ibarra e Maria de F\u00e1tima Guerra, do Dieese; Eliani Ara\u00fajo; e Rosa Maria Marques, da PUC-SP.<\/p>\n<p><strong><u>SERVI\u00c7O<\/u><\/strong><\/p>\n<p><strong>Anfip, Funda\u00e7\u00e3o Anfip e Dieese &#8211;\u00a0 debate sobre Previd\u00eancia<\/strong><\/p>\n<p><strong>Onde:<\/strong>\u00a0Sede da Anfip, no SBN Quadra 2, Bloco H, Bras\u00edlia-DF.<\/p>\n<p><strong>Quando:<\/strong>\u00a0Segunda-feira, 3\/10\/2016, das 10h30 \u00e0s 17h.<\/p>\n","protected":false},"excerpt":{"rendered":"<p>Com o objetivo de criar subs\u00eddios para as atuais discuss\u00f5es a respeito da reforma da Previd\u00eancia Social, que dever\u00e1 ser encaminhada pelo governo ao Congresso Nacional em breve, a Associa\u00e7\u00e3o Nacional dos Auditores da Receita Federal (Anfip), a Funda\u00e7\u00e3o Anfip e o Departamento Intersindical de Estat\u00edstica e Estudos Socioecon\u00f4micos (Dieese) convidaram os principais estudiosos e acad\u00eamicos brasileiros para discutir o [&hellip;]<\/p>\n","protected":false},"author":27,"featured_media":0,"comment_status":"open","ping_status":"closed","sticky":false,"template":"","format":"standard","meta":{"footnotes":""},"categories":[2719],"tags":[2100,771,100,847,2026,1603,711],"class_list":["post-3015","post","type-post","status-publish","format-standard","hentry","category-servidor","tag-alternativas","tag-anfip","tag-congresso","tag-debate","tag-dieese","tag-previdencia-social","tag-reforma"],"_links":{"self":[{"href":"https:\/\/blogs.correiobraziliense.com.br\/servidor\/wp-json\/wp\/v2\/posts\/3015","targetHints":{"allow":["GET"]}}],"collection":[{"href":"https:\/\/blogs.correiobraziliense.com.br\/servidor\/wp-json\/wp\/v2\/posts"}],"about":[{"href":"https:\/\/blogs.correiobraziliense.com.br\/servidor\/wp-json\/wp\/v2\/types\/post"}],"author":[{"embeddable":true,"href":"https:\/\/blogs.correiobraziliense.com.br\/servidor\/wp-json\/wp\/v2\/users\/27"}],"replies":[{"embeddable":true,"href":"https:\/\/blogs.correiobraziliense.com.br\/servidor\/wp-json\/wp\/v2\/comments?post=3015"}],"version-history":[{"count":1,"href":"https:\/\/blogs.correiobraziliense.com.br\/servidor\/wp-json\/wp\/v2\/posts\/3015\/revisions"}],"predecessor-version":[{"id":3016,"href":"https:\/\/blogs.correiobraziliense.com.br\/servidor\/wp-json\/wp\/v2\/posts\/3015\/revisions\/3016"}],"wp:attachment":[{"href":"https:\/\/blogs.correiobraziliense.com.br\/servidor\/wp-json\/wp\/v2\/media?parent=3015"}],"wp:term":[{"taxonomy":"category","embeddable":true,"href":"https:\/\/blogs.correiobraziliense.com.br\/servidor\/wp-json\/wp\/v2\/categories?post=3015"},{"taxonomy":"post_tag","embeddable":true,"href":"https:\/\/blogs.correiobraziliense.com.br\/servidor\/wp-json\/wp\/v2\/tags?post=3015"}],"curies":[{"name":"wp","href":"https:\/\/api.w.org\/{rel}","templated":true}]}}