{"id":3006,"date":"2016-09-28T13:53:41","date_gmt":"2016-09-28T16:53:41","guid":{"rendered":"https:\/\/blogs.correiobraziliense.com.br\/servidor\/?p=3006"},"modified":"2016-09-28T13:53:41","modified_gmt":"2016-09-28T16:53:41","slug":"mpf-quer-mudancas-em-licitacao-para-exploracao-de-gas","status":"publish","type":"post","link":"https:\/\/blogs.correiobraziliense.com.br\/servidor\/mpf-quer-mudancas-em-licitacao-para-exploracao-de-gas\/","title":{"rendered":"MPF quer mudan\u00e7as em licita\u00e7\u00e3o para explora\u00e7\u00e3o de g\u00e1s"},"content":{"rendered":"<p><em>Proposta da ANP gera riscos ambientais e \u00e9 proibida em outros pa\u00edses<\/em><\/p>\n<p><span style=\"font-size: medium\">O Minist\u00e9rio P\u00fablico Federal (MPF) quer que a Ag\u00eancia Nacional do Petr\u00f3leo (ANP) anule ou altere termos da 12\u00aa rodada de licita\u00e7\u00f5es para a explora\u00e7\u00e3o de g\u00e1s natural em bacias de 12 estados e que est\u00e1 suspensa desde 2013. Em parecer favor\u00e1vel ao recurso de uma a\u00e7\u00e3o popular, o MPF defende que n\u00e3o sejam contempladas t\u00e9cnicas n\u00e3o convencionais de explora\u00e7\u00e3o, como fraturamento hidr\u00e1ulico (v. abaixo), pelos riscos ambientais que geram.<\/p>\n<p>A a\u00e7\u00e3o foi julgada improcedente pela 17\u00aa Vara Federal do Rio de Janeiro alegando que, embora o risco ambiental seja poss\u00edvel, a ANP j\u00e1 havia estabelecido as condi\u00e7\u00f5es para utiliza\u00e7\u00e3o da t\u00e9cnica e fixado que haveria fiscaliza\u00e7\u00e3o minuciosa de cada etapa. No entanto, o autor da a\u00e7\u00e3o popular recorreu afirmando que a Ag\u00eancia negligenciou ao permitir a t\u00e9cnica, j\u00e1 proibida em outros pa\u00edses, e pedindo a aplica\u00e7\u00e3o dos princ\u00edpios da precau\u00e7\u00e3o e preven\u00e7\u00e3o, em vista dos riscos de dif\u00edcil repara\u00e7\u00e3o.<\/p>\n<p>A Procuradoria Regional da Rep\u00fablica da 2\u00aa Regi\u00e3o (PRR2), em parecer, argumenta que os riscos ambientais envolvidos no fraturamento hidr\u00e1ulico s\u00e3o not\u00f3rios e que a pr\u00f3pria senten\u00e7a da 1\u00aa inst\u00e2ncia reconhece o fato. Diz ainda que inexistem, conforme entendimento de Grupo de Trabalho do Minist\u00e9rio do Meio Ambiente, estudos sobre a geologia da \u00e1rea a ser explorada nem sobre o poss\u00edvel impacto no ambiente.<\/p>\n<p><strong>Fraturamento hidr\u00e1ulico \u2013<\/strong> Tamb\u00e9m conhecida como fracking, a t\u00e9cnica consiste em injetar grandes quantidades de \u00e1gua e solventes no interior das rochas, gerando uma press\u00e3o que a fragmenta, possibilitando a extra\u00e7\u00e3o do g\u00e1s. Os cr\u00edticos ao uso do fraturamento afirmam que parte do material usado acaba vindo \u00e0 tona durante o processo, trazendo riscos de contamina\u00e7\u00e3o aos len\u00e7\u00f3is fre\u00e1ticos. Pa\u00edses como Fran\u00e7a, Alemanha e o Reino Unido j\u00e1 proibiram o fracking.<\/p>\n<p><\/span><\/p>\n<p>&nbsp;<\/p>\n","protected":false},"excerpt":{"rendered":"<p>Proposta da ANP gera riscos ambientais e \u00e9 proibida em outros pa\u00edses O Minist\u00e9rio P\u00fablico Federal (MPF) quer que a Ag\u00eancia Nacional do Petr\u00f3leo (ANP) anule ou altere termos da 12\u00aa rodada de licita\u00e7\u00f5es para a explora\u00e7\u00e3o de g\u00e1s natural em bacias de 12 estados e que est\u00e1 suspensa desde 2013. Em parecer favor\u00e1vel ao recurso de uma a\u00e7\u00e3o popular, [&hellip;]<\/p>\n","protected":false},"author":27,"featured_media":0,"comment_status":"open","ping_status":"closed","sticky":false,"template":"","format":"standard","meta":{"footnotes":""},"categories":[2719],"tags":[1113,3706,3705,3707,3708,572,3704,453,376,54,2399],"class_list":["post-3006","post","type-post","status-publish","format-standard","hentry","category-servidor","tag-ambientais","tag-anp","tag-exploracao","tag-fracking","tag-fraturamento","tag-gas","tag-licitacao","tag-mpf","tag-mudancas","tag-proposta","tag-riscos"],"_links":{"self":[{"href":"https:\/\/blogs.correiobraziliense.com.br\/servidor\/wp-json\/wp\/v2\/posts\/3006","targetHints":{"allow":["GET"]}}],"collection":[{"href":"https:\/\/blogs.correiobraziliense.com.br\/servidor\/wp-json\/wp\/v2\/posts"}],"about":[{"href":"https:\/\/blogs.correiobraziliense.com.br\/servidor\/wp-json\/wp\/v2\/types\/post"}],"author":[{"embeddable":true,"href":"https:\/\/blogs.correiobraziliense.com.br\/servidor\/wp-json\/wp\/v2\/users\/27"}],"replies":[{"embeddable":true,"href":"https:\/\/blogs.correiobraziliense.com.br\/servidor\/wp-json\/wp\/v2\/comments?post=3006"}],"version-history":[{"count":1,"href":"https:\/\/blogs.correiobraziliense.com.br\/servidor\/wp-json\/wp\/v2\/posts\/3006\/revisions"}],"predecessor-version":[{"id":3007,"href":"https:\/\/blogs.correiobraziliense.com.br\/servidor\/wp-json\/wp\/v2\/posts\/3006\/revisions\/3007"}],"wp:attachment":[{"href":"https:\/\/blogs.correiobraziliense.com.br\/servidor\/wp-json\/wp\/v2\/media?parent=3006"}],"wp:term":[{"taxonomy":"category","embeddable":true,"href":"https:\/\/blogs.correiobraziliense.com.br\/servidor\/wp-json\/wp\/v2\/categories?post=3006"},{"taxonomy":"post_tag","embeddable":true,"href":"https:\/\/blogs.correiobraziliense.com.br\/servidor\/wp-json\/wp\/v2\/tags?post=3006"}],"curies":[{"name":"wp","href":"https:\/\/api.w.org\/{rel}","templated":true}]}}