{"id":3001,"date":"2016-09-27T19:57:39","date_gmt":"2016-09-27T22:57:39","guid":{"rendered":"https:\/\/blogs.correiobraziliense.com.br\/servidor\/?p=3001"},"modified":"2016-09-27T19:57:39","modified_gmt":"2016-09-27T22:57:39","slug":"comando-nacional-dos-bancarios-continua-negociacao-com-fenaban-nesta-quarta-feira-28","status":"publish","type":"post","link":"https:\/\/blogs.correiobraziliense.com.br\/servidor\/comando-nacional-dos-bancarios-continua-negociacao-com-fenaban-nesta-quarta-feira-28\/","title":{"rendered":"Comando Nacional dos Banc\u00e1rios continua negocia\u00e7\u00e3o com Fenaban nesta quarta-feira (28)"},"content":{"rendered":"<p><i>Nova rodada de negocia\u00e7\u00e3o acontece \u00e0s 15h, em S\u00e3o Paulo<\/i><\/p>\n<p>Com 22 dias de greve forte da categoria banc\u00e1ria, a Fenaban voltou \u00e0 mesa de negocia\u00e7\u00e3o, nesta ter\u00e7a-feira (27), em S\u00e3o Paulo, com uma proposta de novo modelo de acordo,\u00a0com validade de dois anos (2016 e 2017), informou o Comando Nacional dos Banc\u00e1rios. A categoria reafirmou que a proposta dever\u00e1 contemplar emprego, sa\u00fade, vales, creche, piso, igualdade de oportunidades e\u00a0seguran\u00e7a. &#8220;A Fenaban vai se reunir com os bancos nesta quarta-feira (28), pela manh\u00e3 e as negocia\u00e7\u00f5es com o Comando Nacional ser\u00e3o retomadas \u00e0s 15 horas&#8221;, divulgou a Contraf-CUT.<\/p>\n<p>\u201cNossa orienta\u00e7\u00e3o \u00e9 que a greve continue forte em todo o Pa\u00eds. Somente com a nossa mobiliza\u00e7\u00e3o vamos conquistar um acordo que atenda \u00e0s demandas da categoria\u201d, ressaltou\u00a0Roberto von der Osten, presidente da Contraf-CUT e um dos coordenadores do Comando Nacional dos Banc\u00e1rios. No 22\u00ba dia de greve,\u00a013.449 ag\u00eancias e 36 centros administrativos tiveram as atividades paralisadas. O n\u00famero representa 57,5% ag\u00eancias de todo o pa\u00eds, um recorde para a categoria.<\/p>\n","protected":false},"excerpt":{"rendered":"<p>Nova rodada de negocia\u00e7\u00e3o acontece \u00e0s 15h, em S\u00e3o Paulo Com 22 dias de greve forte da categoria banc\u00e1ria, a Fenaban voltou \u00e0 mesa de negocia\u00e7\u00e3o, nesta ter\u00e7a-feira (27), em S\u00e3o Paulo, com uma proposta de novo modelo de acordo,\u00a0com validade de dois anos (2016 e 2017), informou o Comando Nacional dos Banc\u00e1rios. A categoria reafirmou que a proposta dever\u00e1 [&hellip;]<\/p>\n","protected":false},"author":27,"featured_media":0,"comment_status":"open","ping_status":"closed","sticky":false,"template":"","format":"standard","meta":{"footnotes":""},"categories":[2719],"tags":[1013,1368,3485,15,42,18],"class_list":["post-3001","post","type-post","status-publish","format-standard","hentry","category-servidor","tag-bancarios","tag-contraf-cut","tag-fenaban","tag-greve","tag-negociacao","tag-salarial"],"_links":{"self":[{"href":"https:\/\/blogs.correiobraziliense.com.br\/servidor\/wp-json\/wp\/v2\/posts\/3001","targetHints":{"allow":["GET"]}}],"collection":[{"href":"https:\/\/blogs.correiobraziliense.com.br\/servidor\/wp-json\/wp\/v2\/posts"}],"about":[{"href":"https:\/\/blogs.correiobraziliense.com.br\/servidor\/wp-json\/wp\/v2\/types\/post"}],"author":[{"embeddable":true,"href":"https:\/\/blogs.correiobraziliense.com.br\/servidor\/wp-json\/wp\/v2\/users\/27"}],"replies":[{"embeddable":true,"href":"https:\/\/blogs.correiobraziliense.com.br\/servidor\/wp-json\/wp\/v2\/comments?post=3001"}],"version-history":[{"count":1,"href":"https:\/\/blogs.correiobraziliense.com.br\/servidor\/wp-json\/wp\/v2\/posts\/3001\/revisions"}],"predecessor-version":[{"id":3002,"href":"https:\/\/blogs.correiobraziliense.com.br\/servidor\/wp-json\/wp\/v2\/posts\/3001\/revisions\/3002"}],"wp:attachment":[{"href":"https:\/\/blogs.correiobraziliense.com.br\/servidor\/wp-json\/wp\/v2\/media?parent=3001"}],"wp:term":[{"taxonomy":"category","embeddable":true,"href":"https:\/\/blogs.correiobraziliense.com.br\/servidor\/wp-json\/wp\/v2\/categories?post=3001"},{"taxonomy":"post_tag","embeddable":true,"href":"https:\/\/blogs.correiobraziliense.com.br\/servidor\/wp-json\/wp\/v2\/tags?post=3001"}],"curies":[{"name":"wp","href":"https:\/\/api.w.org\/{rel}","templated":true}]}}