{"id":2990,"date":"2016-09-27T15:10:57","date_gmt":"2016-09-27T18:10:57","guid":{"rendered":"https:\/\/blogs.correiobraziliense.com.br\/servidor\/?p=2990"},"modified":"2016-09-27T15:10:57","modified_gmt":"2016-09-27T18:10:57","slug":"paralisacao-dos-auditores-fiscais-da-receita-federal","status":"publish","type":"post","link":"https:\/\/blogs.correiobraziliense.com.br\/servidor\/paralisacao-dos-auditores-fiscais-da-receita-federal\/","title":{"rendered":"Auditores fiscais da Receita Federal &#8211; Protesto nacional na quarta e manifesta\u00e7\u00e3o em Bras\u00edlia, na quinta"},"content":{"rendered":"<p><em>Profissionais lotados na Capital far\u00e3o um ato no Aeroporto Internacional Juscelino Kubitscheck, em Bras\u00edlia, na quinta-feira (29),\u00a0 \u00e0s 15 horas, para pressionar o governo federal a cumprir o acordo salarial firmado com a categoria em 23 de mar\u00e7o<\/em><tt><span style=\"font-size: small\"><br \/>\n<em> Em raz\u00e3o do descumprimento do Executivo, a categoria decidiu pelo acirramento da mobiliza\u00e7\u00e3o e pela entrega de cargos em comiss\u00e3o e fun\u00e7\u00f5es gratificadas, com o intuito de chamar a aten\u00e7\u00e3o do governo e do Congresso Nacional para a aprova\u00e7\u00e3o c\u00e9lere e na \u00edntegra da pauta da categoria, que tramita na C\u00e2mara dos Deputados.<\/em> <\/span><\/tt><br \/>\n<tt><span style=\"font-size: small\">O relator do Projeto de Lei 5864\/2016 \u00e9 o deputado Wellington Roberto do PR\/PB que j\u00e1 atrasou a vota\u00e7\u00e3o do seu texto por duas vezes. Ele \u00e9 apontado pelos auditores como o respons\u00e1vel, no momento, pela morosidade do processo na C\u00e2mara.<\/span><\/tt><\/p>\n<p><strong>\u00a0Ocupa\u00e7\u00e3o do Minist\u00e9rio da Fazenda em Curitiba ser\u00e1 na quarta (28)<\/strong><br \/>\n<tt><span style=\"font-size: small\">Protesto nacional denuncia risco das opera\u00e7\u00f5es de combate \u00e0 corrup\u00e7\u00e3o e sonega\u00e7\u00e3o serem inviabilizadas caso o PL 5864\/2016 seja descaracterizado no Congresso<\/span><\/tt><\/p>\n<div>\n<p><tt><span style=\"font-size: small\">Na quarta-feira (28\/09), \u00e0s 14 horas, os auditores do Paran\u00e1 e de Santa Catarina far\u00e3o ato p\u00fablico na sede do Minist\u00e9rio da Fazenda em Curitiba. A manifesta\u00e7\u00e3o faz parte da mobiliza\u00e7\u00e3o pelo cumprimento do acordo celebrado entre a categoria e o governo. O destaque \u00e9 a participa\u00e7\u00e3o dos auditores que atuam na Opera\u00e7\u00e3o Lava Jato e em outras opera\u00e7\u00f5es de combate \u00e0 corrup\u00e7\u00e3o. A mobiliza\u00e7\u00e3o continuar\u00e1 at\u00e9 a aprova\u00e7\u00e3o do projeto de lei. Para isso, ser\u00e3o mantidas a opera\u00e7\u00e3o padr\u00e3o nos portos, aeroportos e fronteiras e a opera\u00e7\u00e3o meta zero nos tributos internos. Ambas as opera\u00e7\u00f5es v\u00eam atrasando o fluxo de com\u00e9rcio exterior e derrubando ainda mais a arrecada\u00e7\u00e3o federal.<\/span><\/tt><\/p>\n<p><strong><tt><span style=\"font-size: small\">Mobiliza\u00e7\u00e3o em Viracopos<\/span><\/tt><\/strong><br \/>\n<tt><span style=\"font-size: small\">Os auditores da Receita Federal, entre os dia 26 e 30 de setembro, acirrar\u00e3o a mobiliza\u00e7\u00e3o, pelo n\u00e3o cumprimento do acordo.<\/span><\/tt><br \/>\n<tt><span style=\"font-size: small\">Algumas das medidas adotadas durante a opera\u00e7\u00e3o padr\u00e3o ser\u00e3o a fiscaliza\u00e7\u00e3o de aeronaves de voos internacionais, a escolta de bagagens at\u00e9 o por\u00e3o dos terminais e o escaneamento pr\u00e9vio das mesmas.<\/span><\/tt><br \/>\n<tt><span style=\"font-size: small\">A morosidade com que tem sido tratado o Projeto de Lei 5864\/2016, que contempla a pauta remunerat\u00f3ria e a n\u00e3o remunerat\u00f3ria, essa \u00faltima a mais importante para os auditores, trazem inseguran\u00e7a a esses servidores que veem no endurecimento do movimento uma forma de o governo honrar a parte que lhe cabe.<\/span><\/tt><br \/>\n<tt><span style=\"font-size: small\">Importante lembrar que os auditores Fiscais s\u00e3o pe\u00e7as chave para que as opera\u00e7\u00f5es contra a corrup\u00e7\u00e3o, a sonega\u00e7\u00e3o e o desvio de dinheiro p\u00fablico se perpetuem. Entre as atua\u00e7\u00f5es importantes, est\u00e3o as conhecidas Lava Jato e Zelotes, informou o Sindicato Nacional da categoria (Sindifisco).<\/span><\/tt><\/p>\n<\/div>\n","protected":false},"excerpt":{"rendered":"<p>Profissionais lotados na Capital far\u00e3o um ato no Aeroporto Internacional Juscelino Kubitscheck, em Bras\u00edlia, na quinta-feira (29),\u00a0 \u00e0s 15 horas, para pressionar o governo federal a cumprir o acordo salarial firmado com a categoria em 23 de mar\u00e7o Em raz\u00e3o do descumprimento do Executivo, a categoria decidiu pelo acirramento da mobiliza\u00e7\u00e3o e pela entrega de cargos em comiss\u00e3o e fun\u00e7\u00f5es [&hellip;]<\/p>\n","protected":false},"author":27,"featured_media":0,"comment_status":"open","ping_status":"closed","sticky":false,"template":"","format":"standard","meta":{"footnotes":""},"categories":[2719],"tags":[112,675,31,867,2374,12,98,1151,70,2385,718,294,18],"class_list":["post-2990","post","type-post","status-publish","format-standard","hentry","category-servidor","tag-acordo","tag-aeroporto","tag-auditores","tag-brasilia","tag-cumprir","tag-fiscais","tag-governo","tag-manifestacao","tag-nacional","tag-pressionar","tag-protesto","tag-receita-federal","tag-salarial"],"_links":{"self":[{"href":"https:\/\/blogs.correiobraziliense.com.br\/servidor\/wp-json\/wp\/v2\/posts\/2990","targetHints":{"allow":["GET"]}}],"collection":[{"href":"https:\/\/blogs.correiobraziliense.com.br\/servidor\/wp-json\/wp\/v2\/posts"}],"about":[{"href":"https:\/\/blogs.correiobraziliense.com.br\/servidor\/wp-json\/wp\/v2\/types\/post"}],"author":[{"embeddable":true,"href":"https:\/\/blogs.correiobraziliense.com.br\/servidor\/wp-json\/wp\/v2\/users\/27"}],"replies":[{"embeddable":true,"href":"https:\/\/blogs.correiobraziliense.com.br\/servidor\/wp-json\/wp\/v2\/comments?post=2990"}],"version-history":[{"count":1,"href":"https:\/\/blogs.correiobraziliense.com.br\/servidor\/wp-json\/wp\/v2\/posts\/2990\/revisions"}],"predecessor-version":[{"id":2991,"href":"https:\/\/blogs.correiobraziliense.com.br\/servidor\/wp-json\/wp\/v2\/posts\/2990\/revisions\/2991"}],"wp:attachment":[{"href":"https:\/\/blogs.correiobraziliense.com.br\/servidor\/wp-json\/wp\/v2\/media?parent=2990"}],"wp:term":[{"taxonomy":"category","embeddable":true,"href":"https:\/\/blogs.correiobraziliense.com.br\/servidor\/wp-json\/wp\/v2\/categories?post=2990"},{"taxonomy":"post_tag","embeddable":true,"href":"https:\/\/blogs.correiobraziliense.com.br\/servidor\/wp-json\/wp\/v2\/tags?post=2990"}],"curies":[{"name":"wp","href":"https:\/\/api.w.org\/{rel}","templated":true}]}}