{"id":2970,"date":"2016-09-26T15:25:43","date_gmt":"2016-09-26T18:25:43","guid":{"rendered":"https:\/\/blogs.correiobraziliense.com.br\/servidor\/?p=2970"},"modified":"2016-09-26T15:25:43","modified_gmt":"2016-09-26T18:25:43","slug":"metalurgicos-vao-parar-na-quinta-feira-29","status":"publish","type":"post","link":"https:\/\/blogs.correiobraziliense.com.br\/servidor\/metalurgicos-vao-parar-na-quinta-feira-29\/","title":{"rendered":"Metal\u00fargicos v\u00e3o parar na quinta-feira (29)"},"content":{"rendered":"<p>Metal\u00fargicos de todo o pa\u00eds devem cruzar os bra\u00e7os nesta quinta-feira (29), contra as reformas pretendidas pelo governo de Michel Temer (PMDB). Centrais sindicais de diferentes correntes pol\u00edticas decidiram unificar a luta para fortalecer as mobiliza\u00e7\u00f5es e pressionar o governo a recuar nas propostas que retiram direitos dos trabalhadores, segundo o movimento sindical.<\/p>\n<p>Em S\u00e3o Jos\u00e9 dos Campos e regi\u00e3o, o Dia Nacional de Paralisa\u00e7\u00e3o dos Metal\u00fargicos est\u00e1 sendo organizado pelo F\u00f3rum de Lutas do Vale do Para\u00edba, que re\u00fane sindicatos e movimentos sociais.<\/p>\n<p>As centrais sindicais que est\u00e3o \u00e0 frente das mobiliza\u00e7\u00f5es nacionais s\u00e3o CUT, CSP-Conlutas, For\u00e7a Sindical, Intersindical e CTB. Na pauta de reivindica\u00e7\u00f5es est\u00e1 inclu\u00eddo o fim das reformas trabalhista e da Previd\u00eancia, entre outros pontos.<\/p>\n<p>O Sindicato dos Metal\u00fargicos de S\u00e3o Jos\u00e9 dos Campos, filiado \u00e0 CSP-Conlutas, j\u00e1 est\u00e1 se organizando para mobilizar trabalhadores de algumas das principais ind\u00fastrias da regi\u00e3o, com paralisa\u00e7\u00f5es de at\u00e9 24 horas.<\/p>\n<p>&#8220;Como as propostas do governo Temer atingem negativamente toda a classe trabalhadora, outras categorias tamb\u00e9m devem aderir ao Dia 29, como servidores, professores, petroleiros, qu\u00edmicos e do setor de alimenta\u00e7\u00e3o&#8221;, informou o sindicato.<\/p>\n<p>\u201cSe n\u00e3o houver mobiliza\u00e7\u00e3o, as reformas preparadas por Michel Temer passar\u00e3o como um trator sobre os direitos dos trabalhadores e aposentados. Por isso, as centrais sindicais jogar\u00e3o todo peso neste Dia Nacional de Paralisa\u00e7\u00e3o dos Metal\u00fargicos, que ser\u00e1 tamb\u00e9m uma prepara\u00e7\u00e3o para a greve geral no pa\u00eds\u201d, afirma o presidente do Sindicato dos Metal\u00fargicos, Ant\u00f4nio Ferreira de Barros, o Macap\u00e1.<\/p>\n<p>\u201cOs trabalhadores est\u00e3o indignados com a possibilidade de idade m\u00ednima de 65 anos para homens e mulheres e 45 anos de contribui\u00e7\u00e3o para a aposentadoria. Essa indigna\u00e7\u00e3o ser\u00e1 mostrada, com toda for\u00e7a, no dia 29\u201d, conclui.<\/p>\n<p><strong>Pauta de reivindica\u00e7\u00f5es dos trabalhadores:<\/strong><\/p>\n<p>&#8211; em defesa da aposentadoria, contra a reforma da Previd\u00eancia;<\/p>\n<p>&#8211; em defesa dos direitos trabalhistas;<\/p>\n<p>&#8211; contra o desemprego e a terceiriza\u00e7\u00e3o;<\/p>\n<p>&#8211; sa\u00fade, educa\u00e7\u00e3o, moradia e transporte dignos para todos;<\/p>\n<p>&#8211; contra o desmonte da justi\u00e7a do trabalho;<\/p>\n<p>&#8211; redu\u00e7\u00e3o da taxa de juros.<\/p>\n<p>&nbsp;<\/p>\n","protected":false},"excerpt":{"rendered":"<p>Metal\u00fargicos de todo o pa\u00eds devem cruzar os bra\u00e7os nesta quinta-feira (29), contra as reformas pretendidas pelo governo de Michel Temer (PMDB). Centrais sindicais de diferentes correntes pol\u00edticas decidiram unificar a luta para fortalecer as mobiliza\u00e7\u00f5es e pressionar o governo a recuar nas propostas que retiram direitos dos trabalhadores, segundo o movimento sindical. Em S\u00e3o Jos\u00e9 dos Campos e regi\u00e3o, [&hellip;]<\/p>\n","protected":false},"author":27,"featured_media":0,"comment_status":"open","ping_status":"closed","sticky":false,"template":"","format":"standard","meta":{"footnotes":""},"categories":[2719],"tags":[619,98,128,1888,2385,1893,19],"class_list":["post-2970","post","type-post","status-publish","format-standard","hentry","category-servidor","tag-direitos","tag-governo","tag-metalurgicos","tag-parar","tag-pressionar","tag-reformas","tag-trabalhadores"],"_links":{"self":[{"href":"https:\/\/blogs.correiobraziliense.com.br\/servidor\/wp-json\/wp\/v2\/posts\/2970","targetHints":{"allow":["GET"]}}],"collection":[{"href":"https:\/\/blogs.correiobraziliense.com.br\/servidor\/wp-json\/wp\/v2\/posts"}],"about":[{"href":"https:\/\/blogs.correiobraziliense.com.br\/servidor\/wp-json\/wp\/v2\/types\/post"}],"author":[{"embeddable":true,"href":"https:\/\/blogs.correiobraziliense.com.br\/servidor\/wp-json\/wp\/v2\/users\/27"}],"replies":[{"embeddable":true,"href":"https:\/\/blogs.correiobraziliense.com.br\/servidor\/wp-json\/wp\/v2\/comments?post=2970"}],"version-history":[{"count":1,"href":"https:\/\/blogs.correiobraziliense.com.br\/servidor\/wp-json\/wp\/v2\/posts\/2970\/revisions"}],"predecessor-version":[{"id":2971,"href":"https:\/\/blogs.correiobraziliense.com.br\/servidor\/wp-json\/wp\/v2\/posts\/2970\/revisions\/2971"}],"wp:attachment":[{"href":"https:\/\/blogs.correiobraziliense.com.br\/servidor\/wp-json\/wp\/v2\/media?parent=2970"}],"wp:term":[{"taxonomy":"category","embeddable":true,"href":"https:\/\/blogs.correiobraziliense.com.br\/servidor\/wp-json\/wp\/v2\/categories?post=2970"},{"taxonomy":"post_tag","embeddable":true,"href":"https:\/\/blogs.correiobraziliense.com.br\/servidor\/wp-json\/wp\/v2\/tags?post=2970"}],"curies":[{"name":"wp","href":"https:\/\/api.w.org\/{rel}","templated":true}]}}