{"id":2965,"date":"2016-09-26T12:59:11","date_gmt":"2016-09-26T15:59:11","guid":{"rendered":"https:\/\/blogs.correiobraziliense.com.br\/servidor\/?p=2965"},"modified":"2016-09-26T16:24:13","modified_gmt":"2016-09-26T19:24:13","slug":"pessoal-do-tesouro-e-da-cgu-exigem-alinhamento-com-demais-carreiras-de-estado","status":"publish","type":"post","link":"https:\/\/blogs.correiobraziliense.com.br\/servidor\/pessoal-do-tesouro-e-da-cgu-exigem-alinhamento-com-demais-carreiras-de-estado\/","title":{"rendered":"Pessoal do Tesouro e da CGU exige alinhamento com demais carreiras de Estado"},"content":{"rendered":"<p><em>Unacon Sindical entrou com pedido de emenda aditiva ao PL 5.864\/2016,\u00a0 com o objetivo de alterar para maior a remunera\u00e7\u00e3o e estabelecer novas regras de incorpora\u00e7\u00e3o de gratifica\u00e7\u00e3o de desempenho \u00e0s aposentadorias e pens\u00f5es<\/em><\/p>\n<p>Os auditores e t\u00e9cnicos do Tesouro e da CGU querem, al\u00e9m da revis\u00e3o da tabela, que os efeitos financeiros da mudan\u00e7a comecem j\u00e1 em 1\u00ba de janeiro de 2017.<\/p>\n<p>Na justificativa, a entidade explica que &#8220;os Projetos de Lei n\u00ba 5.864\/2016, da carreira da Receita Federal, e de n\u00ba 5.865\/2016, da carreira da Pol\u00edcia Federal e outras apresentam um deslocamento salarial dessas carreiras, fruto da implanta\u00e7\u00e3o de um b\u00f4nus de efici\u00eancia e produtividade para a primeira e uma compensa\u00e7\u00e3o impl\u00edcita do valor desse b\u00f4nus nos subs\u00eddios da segunda, com efeitos financeiros previstos para 1\u00ba de janeiro de 2017. Ressalte-se que as carreiras jur\u00eddicas j\u00e1 haviam sido contempladas pela lei n\u00ba 13.327, de 29 de julho de 2016, com o recebimento de honor\u00e1rios advocat\u00edcios, sucumb\u00eancia, que significam um avan\u00e7o da mesma ordem em seus vencimento&#8221;<\/p>\n<p>&nbsp;<\/p>\n<p>&nbsp;<\/p>\n","protected":false},"excerpt":{"rendered":"<p>Unacon Sindical entrou com pedido de emenda aditiva ao PL 5.864\/2016,\u00a0 com o objetivo de alterar para maior a remunera\u00e7\u00e3o e estabelecer novas regras de incorpora\u00e7\u00e3o de gratifica\u00e7\u00e3o de desempenho \u00e0s aposentadorias e pens\u00f5es Os auditores e t\u00e9cnicos do Tesouro e da CGU querem, al\u00e9m da revis\u00e3o da tabela, que os efeitos financeiros da mudan\u00e7a comecem j\u00e1 em 1\u00ba de [&hellip;]<\/p>\n","protected":false},"author":27,"featured_media":0,"comment_status":"open","ping_status":"closed","sticky":false,"template":"","format":"standard","meta":{"footnotes":""},"categories":[2719],"tags":[157,231,2035,1033,1373,1153,3675,294,1374,964],"class_list":["post-2965","post","type-post","status-publish","format-standard","hentry","category-servidor","tag-agu","tag-bonus","tag-cgu","tag-eficiencia","tag-honorarios","tag-pessoal","tag-realinhamento","tag-receita-federal","tag-sucumbencia","tag-tesouro"],"_links":{"self":[{"href":"https:\/\/blogs.correiobraziliense.com.br\/servidor\/wp-json\/wp\/v2\/posts\/2965","targetHints":{"allow":["GET"]}}],"collection":[{"href":"https:\/\/blogs.correiobraziliense.com.br\/servidor\/wp-json\/wp\/v2\/posts"}],"about":[{"href":"https:\/\/blogs.correiobraziliense.com.br\/servidor\/wp-json\/wp\/v2\/types\/post"}],"author":[{"embeddable":true,"href":"https:\/\/blogs.correiobraziliense.com.br\/servidor\/wp-json\/wp\/v2\/users\/27"}],"replies":[{"embeddable":true,"href":"https:\/\/blogs.correiobraziliense.com.br\/servidor\/wp-json\/wp\/v2\/comments?post=2965"}],"version-history":[{"count":3,"href":"https:\/\/blogs.correiobraziliense.com.br\/servidor\/wp-json\/wp\/v2\/posts\/2965\/revisions"}],"predecessor-version":[{"id":2973,"href":"https:\/\/blogs.correiobraziliense.com.br\/servidor\/wp-json\/wp\/v2\/posts\/2965\/revisions\/2973"}],"wp:attachment":[{"href":"https:\/\/blogs.correiobraziliense.com.br\/servidor\/wp-json\/wp\/v2\/media?parent=2965"}],"wp:term":[{"taxonomy":"category","embeddable":true,"href":"https:\/\/blogs.correiobraziliense.com.br\/servidor\/wp-json\/wp\/v2\/categories?post=2965"},{"taxonomy":"post_tag","embeddable":true,"href":"https:\/\/blogs.correiobraziliense.com.br\/servidor\/wp-json\/wp\/v2\/tags?post=2965"}],"curies":[{"name":"wp","href":"https:\/\/api.w.org\/{rel}","templated":true}]}}