{"id":2963,"date":"2016-09-26T12:37:22","date_gmt":"2016-09-26T15:37:22","guid":{"rendered":"https:\/\/blogs.correiobraziliense.com.br\/servidor\/?p=2963"},"modified":"2016-09-26T12:37:22","modified_gmt":"2016-09-26T15:37:22","slug":"mpfdf-quer-impedir-exclusao-de-militares-temporarios-em-situacao-de-incapacidade","status":"publish","type":"post","link":"https:\/\/blogs.correiobraziliense.com.br\/servidor\/mpfdf-quer-impedir-exclusao-de-militares-temporarios-em-situacao-de-incapacidade\/","title":{"rendered":"MPF\/DF &#8211; Ex\u00e9rcito exclui militares tempor\u00e1rios em situa\u00e7\u00e3o de incapacidade da assist\u00eancia m\u00e9dica"},"content":{"rendered":"<p><em>Um dos objetivos \u00e9 obrigar o Ex\u00e9rcito a editar norma que regulamente os direitos desses agentes. <span style=\"font-family: 'Titillium Web',sans-serif;vertical-align: baseline;margin: 0px;border: 0px none;padding: 0px\">Na fase preliminar da investiga\u00e7\u00e3o, ficou constatado que desligamentos irregulares t\u00eam ocorrido de forma recorrente e que, como consequ\u00eancia, o Judici\u00e1rio tem recebido in\u00fameros processos que pedem a revers\u00e3o das expuls\u00f5es.<\/span><\/em><\/p>\n<p style=\"font-size: 15px;font-family: 'Titillium Web', sans-serif;vertical-align: baseline;font-weight: normal;color: #4f4f4f;font-style: normal;margin: 20px 0px 1em;letter-spacing: normal;line-height: 1.5em;background-color: #ffffff;text-indent: 0px;border: 0px;padding: 0px\"><span style=\"font-family: 'Titillium Web', sans-serif;vertical-align: baseline;margin: 0px;border: 0px;padding: 0px\">O Minist\u00e9rio P\u00fablico Federal (MPF) acionou a Justi\u00e7a para assegurar assist\u00eancia m\u00e9dica e vincula\u00e7\u00e3o \u00e0s For\u00e7as Armadas a militares tempor\u00e1rios em situa\u00e7\u00e3o de incapacidade total ou parcial. Esse \u00e9 o principal pedido apresentado em uma a\u00e7\u00e3o civil p\u00fablica proposta contra a Uni\u00e3o. Resultado de investiga\u00e7\u00e3o do MPF, em Bras\u00edlia, a<span class=\"Apple-converted-space\">\u00a0<\/span>a\u00e7\u00e3o<span class=\"Apple-converted-space\">\u00a0<\/span>de<span class=\"Apple-converted-space\">\u00a0<\/span>obriga\u00e7\u00e3o de fazer<i style=\"vertical-align: baseline;margin: 0px;border: 0px;padding: 0px\"><span class=\"Apple-converted-space\">\u00a0<\/span><\/i>pretende ainda que a Justi\u00e7a condene o Ex\u00e9rcito a editar um ato normativo para regulamentar os direitos de seguridade desses militares, proibindo a sua exclus\u00e3o, se incapacitados, ou reform\u00e1-los no caso de incapacidade plena e definitiva. Na fase preliminar da investiga\u00e7\u00e3o, ficou constatado que desligamentos irregulares t\u00eam ocorrido de forma recorrente e que, como consequ\u00eancia, o Judici\u00e1rio tem recebido in\u00fameros processos que pedem a revers\u00e3o das expuls\u00f5es.<\/span><\/p>\n<p style=\"font-size: 15px;font-family: 'Titillium Web', sans-serif;vertical-align: baseline;font-weight: normal;color: #4f4f4f;font-style: normal;margin: 20px 0px 1em;letter-spacing: normal;line-height: 1.5em;background-color: #ffffff;text-indent: 0px;border: 0px;padding: 0px\"><span style=\"font-family: 'Titillium Web', sans-serif;vertical-align: baseline;margin: 0px;border: 0px;padding: 0px\"><span style=\"font-family: 'Titillium Web', sans-serif;vertical-align: baseline;margin: 0px;border: 0px;padding: 0px\"><span style=\"font-family: 'Titillium Web', sans-serif;vertical-align: baseline;margin: 0px;border: 0px;padding: 0px\">O MPF aponta como causa da ilegalidade uma norma portaria publicada em 2012 pela divis\u00e3o de pessoal do Ex\u00e9rcito. Essa norma regulamenta a prorroga\u00e7\u00e3o de tempo de servi\u00e7o tempor\u00e1rio na corpora\u00e7\u00e3o e estabelece, por exemplo, a n\u00e3o renova\u00e7\u00e3o do v\u00ednculo nos casos em que militares ficaram mais de 60 dias afastados para tratamento de sa\u00fade. Para o Minist\u00e9rio P\u00fablico, a regra n\u00e3o tem amparo legal, al\u00e9m de ferir o direito social \u00e0 sa\u00fade e \u00e0 dignidade da pessoa humana garantidos na Constitui\u00e7\u00e3o Federal.<\/span><\/span><\/span><\/p>\n<p style=\"font-size: 15px;font-family: 'Titillium Web', sans-serif;vertical-align: baseline;font-weight: normal;color: #4f4f4f;font-style: normal;margin: 20px 0px 1em;letter-spacing: normal;line-height: 1.5em;background-color: #ffffff;text-indent: 0px;border: 0px;padding: 0px\"><span style=\"font-family: 'Titillium Web', sans-serif;vertical-align: baseline;margin: 0px;border: 0px;padding: 0px\"><span style=\"font-family: 'Titillium Web', sans-serif;vertical-align: baseline;margin: 0px;border: 0px;padding: 0px\"><span style=\"font-family: 'Titillium Web', sans-serif;vertical-align: baseline;margin: 0px;border: 0px;padding: 0px\">Na a\u00e7\u00e3o &#8211; que ser\u00e1 analisada pela 21\u00aa Vara Federal &#8211; a procuradora da Rep\u00fablica Eliana Pires Rocha destaca, ainda, que antes de levar o caso \u00e0 Justi\u00e7a, o MPF buscou a repara\u00e7\u00e3o da ilegalidade por meio extrajudicial. Para isso, enviou uma recomenda\u00e7\u00e3o ao comando do Ex\u00e9rcito, solicitando a altera\u00e7\u00e3o da portaria ou a edi\u00e7\u00e3o de um novo ato normativo \u201cque garanta expressamente aos militares tempor\u00e1rios submetidos a causas de incapacidade tempor\u00e1ria o direito \u00e0 assist\u00eancia m\u00e9dica e hospitalar e \u00e0 percep\u00e7\u00e3o de suas remunera\u00e7\u00f5es\u201d at\u00e9 a completa recupera\u00e7\u00e3o. No documento, expedido h\u00e1 pouco mais de tr\u00eas meses, a Procuradora afirmou que a ilegalidade do posicionamento adotado pela corpora\u00e7\u00e3o j\u00e1 foi reconhecida pela Justi\u00e7a por meio de decis\u00f5es que determinaram a reintegra\u00e7\u00e3o de militares tempor\u00e1rios.<\/span><\/span><\/span><\/p>\n<p style=\"font-size: 15px;font-family: 'Titillium Web', sans-serif;vertical-align: baseline;font-weight: normal;color: #4f4f4f;font-style: normal;margin: 20px 0px 1em;letter-spacing: normal;line-height: 1.5em;background-color: #ffffff;text-indent: 0px;border: 0px;padding: 0px\"><span style=\"font-family: 'Titillium Web', sans-serif;vertical-align: baseline;margin: 0px;border: 0px;padding: 0px\"><span style=\"font-family: 'Titillium Web', sans-serif;vertical-align: baseline;margin: 0px;border: 0px;padding: 0px\"><span style=\"font-family: 'Titillium Web', sans-serif;vertical-align: baseline;margin: 0px;border: 0px;padding: 0px\">No entanto, em resposta \u00e0 recomenda\u00e7\u00e3o, o comando do Ex\u00e9rcito se limitou a informar a exist\u00eancia de regramentos que garantem a manuten\u00e7\u00e3o do profissional na Organiza\u00e7\u00e3o Militar para fins de tratamento do problema de sa\u00fade que deu origem \u00e0 incapacidade. &#8220;<span style=\"font-family: 'Titillium Web', sans-serif;vertical-align: baseline;margin: 0px;border: 0px;padding: 0px\">Essas informa\u00e7\u00f5es sugerem que n\u00e3o existe ilegalidade pass\u00edvel de corre\u00e7\u00e3o. No entanto, n\u00e3o houve atendimento ao que recomendado, perpetuando-se o procedimento ilegal por meio da Portaria n\u00ba 046\/DGP que, justamente, se queria alterada\u201d, detalha um dos trechos da a\u00e7\u00e3o. Diante da falta de provid\u00eancias, a alternativa foi recorrer \u00e0 Justi\u00e7a.<\/span><\/span><\/span><\/span><\/p>\n<p style=\"font-size: 15px;font-family: 'Titillium Web', sans-serif;vertical-align: baseline;font-weight: normal;color: #4f4f4f;font-style: normal;margin: 20px 0px 1em;letter-spacing: normal;line-height: 1.5em;background-color: #ffffff;text-indent: 0px;border: 0px;padding: 0px\"><span style=\"font-family: 'Titillium Web', sans-serif;vertical-align: baseline;margin: 0px;border: 0px;padding: 0px\"><span style=\"font-family: 'Titillium Web', sans-serif;vertical-align: baseline;margin: 0px;border: 0px;padding: 0px\"><span style=\"font-family: 'Titillium Web', sans-serif;vertical-align: baseline;margin: 0px;border: 0px;padding: 0px\">Entre os pedidos apresentados, est\u00e1 o julgamento antecipado do m\u00e9rito &#8211; solicita\u00e7\u00e3o justificada pelo fato de se tratar apenas de mat\u00e9ria de direito &#8211; , a determina\u00e7\u00e3o de car\u00e1ter vinculante para toda a esfera federal da interpreta\u00e7\u00e3o que pro\u00edbe a exclus\u00e3o de militares tempor\u00e1rios que estejam em situa\u00e7\u00e3o de incapacidade e a condena\u00e7\u00e3o do Ex\u00e9rcito \u00e0 obriga\u00e7\u00e3o de editar uma norma que assegure os direitos destes agentes, conforme previsto na Lei 6.880\/80.<\/span><\/span><\/span><\/p>\n<p style=\"font-size: 15px;font-family: 'Titillium Web', sans-serif;vertical-align: baseline;font-weight: normal;color: #4f4f4f;font-style: normal;margin: 20px 0px 1em;letter-spacing: normal;line-height: 1.5em;background-color: #ffffff;text-indent: 0px;border: 0px;padding: 0px\"><span style=\"font-family: 'Titillium Web', sans-serif;vertical-align: baseline;margin: 0px;border: 0px;padding: 0px\"><span style=\"font-family: 'Titillium Web', sans-serif;vertical-align: baseline;margin: 0px;border: 0px;padding: 0px\">Clique<span class=\"Apple-converted-space\">\u00a0<\/span><a class=\"internal-link\" style=\"text-decoration: none;border-top: 0px;font-family: 'Titillium Web', sans-serif;border-right: 0px;vertical-align: baseline;border-bottom: medium none;color: #427597;margin: 0px;border-left: 0px;padding: 0px\" title=\"blocked::http:\/\/www.mpf.mp.br\/df\/sala-de-imprensa\/docs\/acp-assistencia-militares_incapacidade\nACP assist\u00eancia militares tempor\u00e1rios\" href=\"http:\/\/www.mpf.mp.br\/df\/sala-de-imprensa\/docs\/acp-assistencia-militares_incapacidade\" target=\"_blank\">aqui<\/a><span class=\"Apple-converted-space\">\u00a0<\/span>para ter acesso \u00e0 \u00edntegra da a\u00e7\u00e3o.\u00a0<\/span><\/span><\/p>\n","protected":false},"excerpt":{"rendered":"<p>Um dos objetivos \u00e9 obrigar o Ex\u00e9rcito a editar norma que regulamente os direitos desses agentes. Na fase preliminar da investiga\u00e7\u00e3o, ficou constatado que desligamentos irregulares t\u00eam ocorrido de forma recorrente e que, como consequ\u00eancia, o Judici\u00e1rio tem recebido in\u00fameros processos que pedem a revers\u00e3o das expuls\u00f5es. O Minist\u00e9rio P\u00fablico Federal (MPF) acionou a Justi\u00e7a para assegurar assist\u00eancia m\u00e9dica e [&hellip;]<\/p>\n","protected":false},"author":27,"featured_media":0,"comment_status":"open","ping_status":"closed","sticky":false,"template":"","format":"standard","meta":{"footnotes":""},"categories":[2719],"tags":[984,2084,3670,3674,933,3673,3073,3671,89,3672],"class_list":["post-2963","post","type-post","status-publish","format-standard","hentry","category-servidor","tag-assistencia","tag-exclui","tag-exercito","tag-expulsoes","tag-incapacidade","tag-irregulares","tag-medica","tag-militres","tag-mpfdf","tag-temporarios"],"_links":{"self":[{"href":"https:\/\/blogs.correiobraziliense.com.br\/servidor\/wp-json\/wp\/v2\/posts\/2963","targetHints":{"allow":["GET"]}}],"collection":[{"href":"https:\/\/blogs.correiobraziliense.com.br\/servidor\/wp-json\/wp\/v2\/posts"}],"about":[{"href":"https:\/\/blogs.correiobraziliense.com.br\/servidor\/wp-json\/wp\/v2\/types\/post"}],"author":[{"embeddable":true,"href":"https:\/\/blogs.correiobraziliense.com.br\/servidor\/wp-json\/wp\/v2\/users\/27"}],"replies":[{"embeddable":true,"href":"https:\/\/blogs.correiobraziliense.com.br\/servidor\/wp-json\/wp\/v2\/comments?post=2963"}],"version-history":[{"count":1,"href":"https:\/\/blogs.correiobraziliense.com.br\/servidor\/wp-json\/wp\/v2\/posts\/2963\/revisions"}],"predecessor-version":[{"id":2964,"href":"https:\/\/blogs.correiobraziliense.com.br\/servidor\/wp-json\/wp\/v2\/posts\/2963\/revisions\/2964"}],"wp:attachment":[{"href":"https:\/\/blogs.correiobraziliense.com.br\/servidor\/wp-json\/wp\/v2\/media?parent=2963"}],"wp:term":[{"taxonomy":"category","embeddable":true,"href":"https:\/\/blogs.correiobraziliense.com.br\/servidor\/wp-json\/wp\/v2\/categories?post=2963"},{"taxonomy":"post_tag","embeddable":true,"href":"https:\/\/blogs.correiobraziliense.com.br\/servidor\/wp-json\/wp\/v2\/tags?post=2963"}],"curies":[{"name":"wp","href":"https:\/\/api.w.org\/{rel}","templated":true}]}}