{"id":2956,"date":"2016-09-23T19:24:28","date_gmt":"2016-09-23T22:24:28","guid":{"rendered":"https:\/\/blogs.correiobraziliense.com.br\/servidor\/?p=2956"},"modified":"2016-09-23T19:24:28","modified_gmt":"2016-09-23T22:24:28","slug":"greve-nacional-dos-bancarios-entra-no-18o-dia-com-forte-adesao","status":"publish","type":"post","link":"https:\/\/blogs.correiobraziliense.com.br\/servidor\/greve-nacional-dos-bancarios-entra-no-18o-dia-com-forte-adesao\/","title":{"rendered":"Greve nacional dos banc\u00e1rios entra no 18\u00ba dia com forte ades\u00e3o"},"content":{"rendered":"<p><em>Nesta sexta-feira (23), 13.385 ag\u00eancias e 40 centros administrativos paralisaram suas atividades em rep\u00fadio ao descaso dos banqueiros, informou a Contraf-CUT<br \/>\n<\/em><\/p>\n<p>Mesmo diante de forte press\u00e3o dos banqueiros para enfraquecer a mobiliza\u00e7\u00e3o da categoria, a greve dos banc\u00e1rios entrou, nesta sexta-feira (23), em seu 18\u00ba dia, com 13.385 ag\u00eancias e 40 centros administrativos com as atividades paralisadas. O n\u00famero representa 57% das ag\u00eancias de todo o Brasil, de acordo com a Contraf-CUT.<\/p>\n<p>\u201cA esta altura de nossa greve, os bancos j\u00e1 deveriam ter percebido que, mesmo sob forte amea\u00e7a, n\u00e3o conseguir\u00e3o derrotar nem enfraquecer a nossa luta. A trucul\u00eancia s\u00f3 fortalece ainda mais a ades\u00e3o \u00e0 greve de protesto, transformada em luta por dignidade e respeito. Cada banc\u00e1rio e cada banc\u00e1ria est\u00e3o cada vez mais convictos de que s\u00f3 a luta garante avan\u00e7os e direitos. E, ainda por cima, os bancos est\u00e3o devendo explica\u00e7\u00f5es para a sociedade pelos juros cobrados, lucros exagerados e reajuste negado. Como justificar?\u201d ressaltou o presidente da Contraf-CUT, Roberto von der Osten.<\/p>\n<p><strong>Comando Nacional dos Banc\u00e1rios solicita volta das negocia\u00e7\u00f5es com a Fenaban<\/strong><\/p>\n<p>O Comando Nacional dos Banc\u00e1rios enviou, na tarde desta sexta-feira (23), um oficio \u00e0 Federa\u00e7\u00e3o Nacional dos Bancos (Fenaban) para solicitar a volta das negocia\u00e7\u00f5es da Campanha Nacional 2016. No texto, o Comando refor\u00e7a que, como os dirigentes sindicais estar\u00e3o reunidos na pr\u00f3xima segunda-feira (26), em S\u00e3o Paulo, na sede da Contraf-CUT, eles est\u00e3o \u00e0 disposi\u00e7\u00e3o para a retomada dos temas tratados na mesa de negocia\u00e7\u00e3o.<\/p>\n<p>A pauta de reivindica\u00e7\u00f5es foi entregue aos bancos no dia 9 de agosto, mas a Fenaban n\u00e3o apresentou proposta decente, informou o Confedera\u00e7\u00e3o, que contemple as reivindica\u00e7\u00f5es dos trabalhadores. J\u00e1 foram oito rodadas de negocia\u00e7\u00e3o sem sucesso. &#8220;Mesmo ap\u00f3s recordes di\u00e1rios de ag\u00eancias e locais de trabalho paralisados, os bancos insistem em se manter em sil\u00eancio, diante das demandas dos banc\u00e1rios, preferindo o uso de pr\u00e1ticas antissindicais para tentar desestruturar o movimento grevista, destaca a nota.<\/p>\n<p>\u201cConstru\u00edmos todos juntos a maior greve em n\u00famero de locais parados, mas os banqueiros continuam intransigentes em rela\u00e7\u00e3o a repor as nossas perdas. Pior do que isso, voltaram a usar sua parceria judicial em a\u00e7\u00f5es de Interdito Proibit\u00f3rio. Perguntamos? Por que neste ano resolveram reduzir os nossos sal\u00e1rios? A quem interessa isso, al\u00e9m de alimentar sua gan\u00e2ncia por redu\u00e7\u00e3o de gastos com pessoal para lucrar mais? As respostas para isso talvez estejam fora das nossas mesas de negocia\u00e7\u00e3o e isso n\u00e3o vamos admitir\u201d, afirmou Roberto von der Osten, presidente da Contraf-CUT e um dos coordenadores do Comando Nacional dos Banc\u00e1rios.<\/p>\n","protected":false},"excerpt":{"rendered":"<p>Nesta sexta-feira (23), 13.385 ag\u00eancias e 40 centros administrativos paralisaram suas atividades em rep\u00fadio ao descaso dos banqueiros, informou a Contraf-CUT Mesmo diante de forte press\u00e3o dos banqueiros para enfraquecer a mobiliza\u00e7\u00e3o da categoria, a greve dos banc\u00e1rios entrou, nesta sexta-feira (23), em seu 18\u00ba dia, com 13.385 ag\u00eancias e 40 centros administrativos com as atividades paralisadas. O n\u00famero representa [&hellip;]<\/p>\n","protected":false},"author":27,"featured_media":0,"comment_status":"open","ping_status":"closed","sticky":false,"template":"","format":"standard","meta":{"footnotes":""},"categories":[2719],"tags":[474,1013,3668,305,3667,15,70,1217,18],"class_list":["post-2956","post","type-post","status-publish","format-standard","hentry","category-servidor","tag-adesao","tag-bancarios","tag-banqueiros","tag-campanha","tag-descaso","tag-greve","tag-nacional","tag-repudio","tag-salarial"],"_links":{"self":[{"href":"https:\/\/blogs.correiobraziliense.com.br\/servidor\/wp-json\/wp\/v2\/posts\/2956","targetHints":{"allow":["GET"]}}],"collection":[{"href":"https:\/\/blogs.correiobraziliense.com.br\/servidor\/wp-json\/wp\/v2\/posts"}],"about":[{"href":"https:\/\/blogs.correiobraziliense.com.br\/servidor\/wp-json\/wp\/v2\/types\/post"}],"author":[{"embeddable":true,"href":"https:\/\/blogs.correiobraziliense.com.br\/servidor\/wp-json\/wp\/v2\/users\/27"}],"replies":[{"embeddable":true,"href":"https:\/\/blogs.correiobraziliense.com.br\/servidor\/wp-json\/wp\/v2\/comments?post=2956"}],"version-history":[{"count":1,"href":"https:\/\/blogs.correiobraziliense.com.br\/servidor\/wp-json\/wp\/v2\/posts\/2956\/revisions"}],"predecessor-version":[{"id":2957,"href":"https:\/\/blogs.correiobraziliense.com.br\/servidor\/wp-json\/wp\/v2\/posts\/2956\/revisions\/2957"}],"wp:attachment":[{"href":"https:\/\/blogs.correiobraziliense.com.br\/servidor\/wp-json\/wp\/v2\/media?parent=2956"}],"wp:term":[{"taxonomy":"category","embeddable":true,"href":"https:\/\/blogs.correiobraziliense.com.br\/servidor\/wp-json\/wp\/v2\/categories?post=2956"},{"taxonomy":"post_tag","embeddable":true,"href":"https:\/\/blogs.correiobraziliense.com.br\/servidor\/wp-json\/wp\/v2\/tags?post=2956"}],"curies":[{"name":"wp","href":"https:\/\/api.w.org\/{rel}","templated":true}]}}