{"id":2954,"date":"2016-09-23T12:37:23","date_gmt":"2016-09-23T15:37:23","guid":{"rendered":"https:\/\/blogs.correiobraziliense.com.br\/servidor\/?p=2954"},"modified":"2016-09-23T12:37:23","modified_gmt":"2016-09-23T15:37:23","slug":"stj-grevistas-do-itamaraty-nao-podem-ter-salarios-cortados","status":"publish","type":"post","link":"https:\/\/blogs.correiobraziliense.com.br\/servidor\/stj-grevistas-do-itamaraty-nao-podem-ter-salarios-cortados\/","title":{"rendered":"STJ: grevistas do Itamaraty n\u00e3o podem ter sal\u00e1rios cortados"},"content":{"rendered":"<p>Em a\u00e7\u00e3o patrocinada pela banca Cassel Ruzzarin Santos Rodrigues Advogados, o Superior Tribunal de Justi\u00e7a (STJ) acaba de conceder liminar determinando \u00e0 administra\u00e7\u00e3o do Minist\u00e9rio das Rela\u00e7\u00f5es Exteriores (MRE) que se abstenha de cortar a remunera\u00e7\u00e3o dos grevistas filiados ao Sinditamaraty (Sindicato Nacional dos Servidores do Minist\u00e9rio das Rela\u00e7\u00f5es Exteriores), at\u00e9 que seja negociado o encerramento da greve. A medida foi necess\u00e1ria porque o MRE amea\u00e7ou cortar o ponto dos servidores em greve, sem antes discutir a reposi\u00e7\u00e3o das tarefas acumuladas, apenas para for\u00e7ar o encerramento do movimento. A decis\u00e3o deve ser publicada nos pr\u00f3ximos dias.<\/p>\n<p>Segundo o advogado Jean Ruzzarin, que representou no STJ o Sinditamaraty, &#8220;mesmo sendo assegurados os servi\u00e7os essenciais, a administra\u00e7\u00e3o do MRE quis impor o corte de ponto, sem atentar para o fato de que todos os servi\u00e7os legitimamente suspensos precisam ser repostos ao final da greve, pois os administrados continuam necessitando da presta\u00e7\u00e3o&#8221;.<\/p>\n<p>A greve come\u00e7ou no dia 22 de agosto e, al\u00e9m do Brasil, atinge as representa\u00e7\u00f5es diplom\u00e1ticas brasileiras no mundo inteiro &#8211; ao todo 112 reparti\u00e7\u00f5es diplom\u00e1ticas.\u00a0 O movimento defende a equipara\u00e7\u00e3o salarial da categoria com outras carreiras do Poder Executivo.<\/p>\n<p>O Sinditamaraty aguarda a publica\u00e7\u00e3o da senten\u00e7a prevista para o dia 26 de setembro.<br \/>\nO sindicato entrou com diss\u00eddio de greve no in\u00edcio de setembro contra pr\u00e1ticas antissindicalistas e de intimida\u00e7\u00e3o aos grevistas. Na a\u00e7\u00e3o, a entidade pede ainda a anula\u00e7\u00e3o do boletim que divulgou o nome dos grevistas na Intratec, a negocia\u00e7\u00e3o da reposi\u00e7\u00e3o das faltas e que o minist\u00e9rio n\u00e3o corte o ponto dos servidores.<\/p>\n<p>Os servidores reivindicam a equipara\u00e7\u00e3o da remunera\u00e7\u00e3o do Servi\u00e7o Exterior Brasileiros \u00e0s demais carreiras t\u00edpicas de Estado correlatas. No caso das carreiras de chancelaria, por exemplo, s\u00e3o pagos os menores subs\u00eddios de n\u00edvel m\u00e9dio e de n\u00edvel superior dentro das carreiras t\u00edpicas de Estado, que incluem tamb\u00e9m servidores da Pol\u00edcia Federal, do Tesouro Nacional e da Receita Federal, por exemplo.<\/p>\n","protected":false},"excerpt":{"rendered":"<p>Em a\u00e7\u00e3o patrocinada pela banca Cassel Ruzzarin Santos Rodrigues Advogados, o Superior Tribunal de Justi\u00e7a (STJ) acaba de conceder liminar determinando \u00e0 administra\u00e7\u00e3o do Minist\u00e9rio das Rela\u00e7\u00f5es Exteriores (MRE) que se abstenha de cortar a remunera\u00e7\u00e3o dos grevistas filiados ao Sinditamaraty (Sindicato Nacional dos Servidores do Minist\u00e9rio das Rela\u00e7\u00f5es Exteriores), at\u00e9 que seja negociado o encerramento da greve. A medida [&hellip;]<\/p>\n","protected":false},"author":27,"featured_media":0,"comment_status":"open","ping_status":"closed","sticky":false,"template":"","format":"standard","meta":{"footnotes":""},"categories":[2719],"tags":[55,2425,3666,1371,56,15,3664,1869,3665,1620,30,1040],"class_list":["post-2954","post","type-post","status-publish","format-standard","hentry","category-servidor","tag-carreiras","tag-cortados","tag-encerramento","tag-equiparacao","tag-estado","tag-greve","tag-grevistas","tag-itamaraty","tag-negociado","tag-remuneracao","tag-salarios","tag-stj"],"_links":{"self":[{"href":"https:\/\/blogs.correiobraziliense.com.br\/servidor\/wp-json\/wp\/v2\/posts\/2954","targetHints":{"allow":["GET"]}}],"collection":[{"href":"https:\/\/blogs.correiobraziliense.com.br\/servidor\/wp-json\/wp\/v2\/posts"}],"about":[{"href":"https:\/\/blogs.correiobraziliense.com.br\/servidor\/wp-json\/wp\/v2\/types\/post"}],"author":[{"embeddable":true,"href":"https:\/\/blogs.correiobraziliense.com.br\/servidor\/wp-json\/wp\/v2\/users\/27"}],"replies":[{"embeddable":true,"href":"https:\/\/blogs.correiobraziliense.com.br\/servidor\/wp-json\/wp\/v2\/comments?post=2954"}],"version-history":[{"count":1,"href":"https:\/\/blogs.correiobraziliense.com.br\/servidor\/wp-json\/wp\/v2\/posts\/2954\/revisions"}],"predecessor-version":[{"id":2955,"href":"https:\/\/blogs.correiobraziliense.com.br\/servidor\/wp-json\/wp\/v2\/posts\/2954\/revisions\/2955"}],"wp:attachment":[{"href":"https:\/\/blogs.correiobraziliense.com.br\/servidor\/wp-json\/wp\/v2\/media?parent=2954"}],"wp:term":[{"taxonomy":"category","embeddable":true,"href":"https:\/\/blogs.correiobraziliense.com.br\/servidor\/wp-json\/wp\/v2\/categories?post=2954"},{"taxonomy":"post_tag","embeddable":true,"href":"https:\/\/blogs.correiobraziliense.com.br\/servidor\/wp-json\/wp\/v2\/tags?post=2954"}],"curies":[{"name":"wp","href":"https:\/\/api.w.org\/{rel}","templated":true}]}}