{"id":2952,"date":"2016-09-22T19:18:52","date_gmt":"2016-09-22T22:18:52","guid":{"rendered":"https:\/\/blogs.correiobraziliense.com.br\/servidor\/?p=2952"},"modified":"2016-09-22T19:18:52","modified_gmt":"2016-09-22T22:18:52","slug":"17o-dia-de-greve-dos-bancarios-paralisa-grandes-centros-administrativos","status":"publish","type":"post","link":"https:\/\/blogs.correiobraziliense.com.br\/servidor\/17o-dia-de-greve-dos-bancarios-paralisa-grandes-centros-administrativos\/","title":{"rendered":"17\u00ba dia de greve dos banc\u00e1rios paralisa grandes centros administrativos"},"content":{"rendered":"<p><em>Das 43 unidades paralisadas, tr\u00eas de S\u00e3o Paulo re\u00fanem mais de 25 mil banc\u00e1rios. O Comando Nacional dos Banc\u00e1rios se re\u00fane na pr\u00f3xima segunda-feira (26), em S\u00e3o Paulo, na sede da Contraf-CUT, a partir das 14h<br \/>\n<\/em><\/p>\n<p>A mobiliza\u00e7\u00e3o no 17\u00ba dia de greve foi focada nos grandes centros administrativos e em atividades de ruas por todo o Brasil. Das 43 unidades paralisadas, s\u00f3 em S\u00e3o Paulo cerca de 25 mil trabalhadores aderiram \u00e0 paralisa\u00e7\u00e3o na Cidade de Deus, do Bradesco, o Centro Empresarial Ita\u00fa Concei\u00e7\u00e3o e a Torre do Santander. Em Bras\u00edlia, o pr\u00e9dio Matriz da Caixa, onde fica a presid\u00eancia do banco, tamb\u00e9m foi paralisado.<\/p>\n<p>\u201cFoi um grande dia para n\u00f3s banc\u00e1rios e banc\u00e1rias. Sem desmobilizar a nossa greve espec\u00edfica, que chegou ao seu 17\u00ba dia forte, participamos de atos e manifesta\u00e7\u00f5es classistas por todo o Brasil. Fechamos os centros administrativos dos tr\u00eas principais bancos privados em S\u00e3o Paulo e o pr\u00e9dio Matriz da Caixa em Bras\u00edlia. Foi um movimento hist\u00f3rico e necess\u00e1rio. Muito orgulho de ter vivido este dia. Cada vez mais temos certeza de que \u2018S\u00f3 a luta te garante!\u2019\u201d, declarou o presidente da Contraf-CUT, Roberto von der Osten.<\/p>\n<p>Ainda nesta quinta-feira (22), 13.159 ag\u00eancias tiveram as atividades paralisadas. O n\u00famero representa 55% das ag\u00eancias de todo o Brasil. Bet\u00e3o explica que a redu\u00e7\u00e3o de 1,78% no n\u00famero de ag\u00eancias paralisadas \u00e9 por conta da trucul\u00eancia dos banqueiros. \u201cEles colocaram pol\u00edcia e conseguiram interditos proibit\u00f3rios para obrigar a abertura de algumas ag\u00eancias. Mas elas voltar\u00e3o a aderir \u00e0 greve, pois vamos ca\u00e7ar essas liminares\u201d, garantiu.<\/p>\n<p>O Comando Nacional dos Banc\u00e1rios se re\u00fane na pr\u00f3xima segunda-feira (26), em S\u00e3o Paulo, na sede da Contraf-CUT, a partir das 14h. Os dirigentes sindicais v\u00e3o avaliar as paralisa\u00e7\u00f5es e mobiliza\u00e7\u00f5es da maior greve da hist\u00f3ria da categoria e definir os pr\u00f3ximos passos a serem seguidos.<\/p>\n<p>&#8220;A pauta de reivindica\u00e7\u00f5es foi entregue aos bancos no dia 9 de agosto, mas a Fenaban n\u00e3o apresentou proposta decente, que contemple as reivindica\u00e7\u00f5es dos trabalhadores. J\u00e1 foram oito rodadas de negocia\u00e7\u00e3o sem sucesso. Mesmo ap\u00f3s recordes di\u00e1rios de ag\u00eancias e locais de trabalho paralisados, os bancos insistem em se manter em sil\u00eancio, diante das demandas dos banc\u00e1rios, preferindo o uso de pr\u00e1ticas antissindicais para tentar desestruturar o movimento grevista&#8221;, destacou a nota da Contraf-CUT.<\/p>\n<p>O Comando Nacional dos Banc\u00e1rios salienta que est\u00e1 aberto a negocia\u00e7\u00f5es, mas at\u00e9 agora a Fenaban n\u00e3o marcou nova\u00a0reuni\u00e3o.<\/p>\n","protected":false},"excerpt":{"rendered":"<p>Das 43 unidades paralisadas, tr\u00eas de S\u00e3o Paulo re\u00fanem mais de 25 mil banc\u00e1rios. O Comando Nacional dos Banc\u00e1rios se re\u00fane na pr\u00f3xima segunda-feira (26), em S\u00e3o Paulo, na sede da Contraf-CUT, a partir das 14h A mobiliza\u00e7\u00e3o no 17\u00ba dia de greve foi focada nos grandes centros administrativos e em atividades de ruas por todo o Brasil. Das 43 [&hellip;]<\/p>\n","protected":false},"author":27,"featured_media":0,"comment_status":"open","ping_status":"closed","sticky":false,"template":"","format":"standard","meta":{"footnotes":""},"categories":[2719],"tags":[1055,1013,3663,1368,3485,3187,15,3662,512],"class_list":["post-2952","post","type-post","status-publish","format-standard","hentry","category-servidor","tag-administrativos","tag-bancarios","tag-centros","tag-contraf-cut","tag-fenaban","tag-grandes","tag-greve","tag-paralisa","tag-paralisados"],"_links":{"self":[{"href":"https:\/\/blogs.correiobraziliense.com.br\/servidor\/wp-json\/wp\/v2\/posts\/2952","targetHints":{"allow":["GET"]}}],"collection":[{"href":"https:\/\/blogs.correiobraziliense.com.br\/servidor\/wp-json\/wp\/v2\/posts"}],"about":[{"href":"https:\/\/blogs.correiobraziliense.com.br\/servidor\/wp-json\/wp\/v2\/types\/post"}],"author":[{"embeddable":true,"href":"https:\/\/blogs.correiobraziliense.com.br\/servidor\/wp-json\/wp\/v2\/users\/27"}],"replies":[{"embeddable":true,"href":"https:\/\/blogs.correiobraziliense.com.br\/servidor\/wp-json\/wp\/v2\/comments?post=2952"}],"version-history":[{"count":1,"href":"https:\/\/blogs.correiobraziliense.com.br\/servidor\/wp-json\/wp\/v2\/posts\/2952\/revisions"}],"predecessor-version":[{"id":2953,"href":"https:\/\/blogs.correiobraziliense.com.br\/servidor\/wp-json\/wp\/v2\/posts\/2952\/revisions\/2953"}],"wp:attachment":[{"href":"https:\/\/blogs.correiobraziliense.com.br\/servidor\/wp-json\/wp\/v2\/media?parent=2952"}],"wp:term":[{"taxonomy":"category","embeddable":true,"href":"https:\/\/blogs.correiobraziliense.com.br\/servidor\/wp-json\/wp\/v2\/categories?post=2952"},{"taxonomy":"post_tag","embeddable":true,"href":"https:\/\/blogs.correiobraziliense.com.br\/servidor\/wp-json\/wp\/v2\/tags?post=2952"}],"curies":[{"name":"wp","href":"https:\/\/api.w.org\/{rel}","templated":true}]}}