{"id":293,"date":"2015-07-01T14:11:00","date_gmt":"2015-07-01T17:11:00","guid":{"rendered":"https:\/\/blogs.correiobraziliense.com.br\/servidor\/tecnico-administrativos_fazem_ato_nas_reitorias_das_universidades\/"},"modified":"2015-07-01T14:11:00","modified_gmt":"2015-07-01T17:11:00","slug":"tecnico-administrativos_fazem_ato_nas_reitorias_das_universidades","status":"publish","type":"post","link":"https:\/\/blogs.correiobraziliense.com.br\/servidor\/tecnico-administrativos_fazem_ato_nas_reitorias_das_universidades\/","title":{"rendered":"T\u00c9CNICO-ADMINISTRATIVOS FAZEM ATO NAS REITORIAS DAS UNIVERSIDADES"},"content":{"rendered":"\n<p>A greve dos trabalhadores t\u00e9cnico-administrativos em educa\u00e7\u00e3o completa hoje quarenta e um dias. A Federa\u00e7\u00e3o de Trabalhadores T\u00e9cnico-Administrativos de Institui\u00e7\u00f5es de Ensino Superior P\u00fablicas do Brasil (Fasubra Sindical) orientou como calend\u00e1rio de lutas \u00e0 sua base atos nas reitorias de todas as institui\u00e7\u00f5es federais de ensino. <\/p>\n<p>O objetivo \u00e9 cobrar celeridade das administra\u00e7\u00f5es superiores no atendimento \u00e0 pauta local de reivindica\u00e7\u00f5es e propor que cobrem do Minist\u00e9rio da Educa\u00e7\u00e3o (MEC) e do Minist\u00e9rio do Planejamento, Or\u00e7amento e Gest\u00e3o (MPOG) reuni\u00e3o com A Fasubra Sindical. <\/p>\n<p>Hist\u00f3rico da Greve <\/p>\n<p>A greve, iniciada em 28 de maio, conta com ades\u00e3o de 65 universidades e institui\u00e7\u00f5es federais. O motivo \u00e9 a n\u00e3o negocia\u00e7\u00e3o do governo federal com a institui\u00e7\u00e3o desde o fim da greve de 2014, encerrada por determina\u00e7\u00e3o do Supremo Tribunal de Justi\u00e7a (STJ). Assim, foram protocolados pela federa\u00e7\u00e3o 13 of\u00edcios ao MEC, MPOG, Casa Civil e Secretaria Geral da Presid\u00eancia.  <\/p>\n<p>Pauta espec\u00edfica de reivindica\u00e7\u00f5esReposi\u00e7\u00e3o de perdas e aprimoramento da carreira: <\/p>\n<p>o \u00cdndice de 27,3% no piso da tabela considerando as perdas de janeiro de 2011 a julho de 2016; <\/p>\n<p>o Pelo aprimoramento da carreira com corre\u00e7\u00e3o das distor\u00e7\u00f5es, levando em considera\u00e7\u00e3o a racionaliza\u00e7\u00e3o dos cargos, piso de tr\u00eas sal\u00e1rios m\u00ednimos e step de 5%; reposicionamento dos aposentados e pensionistas, e concurso p\u00fablico via RJU para todos os n\u00edveis de classifica\u00e7\u00e3o; <\/p>\n<p>o Pela n\u00e3o retirada de ganhos administrativos e judiciais da categoria \u2013 pagamento imediato; <\/p>\n<p>o Reabertura de prazos para que os T\u00e9cnico-Administrativos em Educa\u00e7\u00e3o que ainda estejam no PUCRCE possam migrar para o PCCTAE; <\/p>\n<p>o Pela institui\u00e7\u00e3o da ascens\u00e3o funcional; <\/p>\n<p>o Reconhecimento dos certificados de capacita\u00e7\u00e3o dos aposentados quando os mesmos se encontravam na ativa; <\/p>\n<p>o Aproveitamento de disciplinas de curso de gradua\u00e7\u00e3o e p\u00f3s-gradua\u00e7\u00e3o para todas as classes do PCCTAE para fins de progress\u00e3o por capacita\u00e7\u00e3o; <\/p>\n<p>o Reconhecimento de t\u00edtulos de mestrado e doutorado fora do pa\u00eds. <\/p>\n<p>o Posicionamento hier\u00e1rquico em padr\u00e3o de vencimento equivalente na tabela quando do reingresso de servidor em outro cargo do PCCTAE. <\/p>\n<p>o Efetiva\u00e7\u00e3o do Plano Nacional de Capacita\u00e7\u00e3o lan\u00e7ado em 2013; <\/p>\n<p>o Extens\u00e3o, para os T\u00e9cnico-Administrativos em Educa\u00e7\u00e3o, do art. 30 da lei 12772\/12, que trata de afastamento para realiza\u00e7\u00e3o de estudos de p\u00f3s-gradua\u00e7\u00e3o. <\/p>\n<p>Bras\u00edlia, 14h10min   <\/p>\n","protected":false},"excerpt":{"rendered":"<p>A greve dos trabalhadores t\u00e9cnico-administrativos em educa\u00e7\u00e3o completa hoje quarenta e um dias. A Federa\u00e7\u00e3o de Trabalhadores T\u00e9cnico-Administrativos de Institui\u00e7\u00f5es de Ensino Superior P\u00fablicas do Brasil (Fasubra Sindical) orientou como calend\u00e1rio de lutas \u00e0 sua base atos nas reitorias de todas as institui\u00e7\u00f5es federais de ensino. O objetivo \u00e9 cobrar celeridade das administra\u00e7\u00f5es superiores no atendimento \u00e0 pauta local de [&hellip;]<\/p>\n","protected":false},"author":27,"featured_media":0,"comment_status":"open","ping_status":"open","sticky":false,"template":"","format":"standard","meta":{"footnotes":""},"categories":[1],"tags":[],"class_list":["post-293","post","type-post","status-publish","format-standard","hentry","category-sem-categoria"],"_links":{"self":[{"href":"https:\/\/blogs.correiobraziliense.com.br\/servidor\/wp-json\/wp\/v2\/posts\/293","targetHints":{"allow":["GET"]}}],"collection":[{"href":"https:\/\/blogs.correiobraziliense.com.br\/servidor\/wp-json\/wp\/v2\/posts"}],"about":[{"href":"https:\/\/blogs.correiobraziliense.com.br\/servidor\/wp-json\/wp\/v2\/types\/post"}],"author":[{"embeddable":true,"href":"https:\/\/blogs.correiobraziliense.com.br\/servidor\/wp-json\/wp\/v2\/users\/27"}],"replies":[{"embeddable":true,"href":"https:\/\/blogs.correiobraziliense.com.br\/servidor\/wp-json\/wp\/v2\/comments?post=293"}],"version-history":[{"count":0,"href":"https:\/\/blogs.correiobraziliense.com.br\/servidor\/wp-json\/wp\/v2\/posts\/293\/revisions"}],"wp:attachment":[{"href":"https:\/\/blogs.correiobraziliense.com.br\/servidor\/wp-json\/wp\/v2\/media?parent=293"}],"wp:term":[{"taxonomy":"category","embeddable":true,"href":"https:\/\/blogs.correiobraziliense.com.br\/servidor\/wp-json\/wp\/v2\/categories?post=293"},{"taxonomy":"post_tag","embeddable":true,"href":"https:\/\/blogs.correiobraziliense.com.br\/servidor\/wp-json\/wp\/v2\/tags?post=293"}],"curies":[{"name":"wp","href":"https:\/\/api.w.org\/{rel}","templated":true}]}}